{"id":3133,"date":"2025-12-03T13:57:29","date_gmt":"2025-12-03T12:57:29","guid":{"rendered":"https:\/\/www.galeriefriese.de\/10_jahre_berlin-copy\/"},"modified":"2025-12-09T11:18:03","modified_gmt":"2025-12-09T10:18:03","slug":"willi_baumeister_und_norbert_kricke","status":"publish","type":"post","link":"https:\/\/www.galeriefriese.de\/en\/willi_baumeister_und_norbert_kricke\/","title":{"rendered":"Willi Baumeister und Norbert Kricke"},"content":{"rendered":"","protected":false},"excerpt":{"rendered":"","protected":false},"author":3,"featured_media":3135,"comment_status":"closed","ping_status":"closed","sticky":false,"template":"","format":"standard","meta":[],"categories":[4],"tags":[],"class_list":["post-3133","post","type-post","status-publish","has-post-thumbnail","hentry","category-ausstellung"],"grid":"{\r\n  \"colCount\": 12,\r\n  \"colGutter\": 1,\r\n  \"rowGutters\": [],\r\n  \"frameMargin\": 5,\r\n  \"topFrameMargin\": 200,\r\n  \"bottomFrameMargin\": 5,\r\n  \"rowAttrs\": [\r\n    {\r\n      \"relid\": 1\r\n    }\r\n  ],\r\n  \"bgColor\": null,\r\n  \"cont\": [\r\n    {\r\n      \"type\": \"carousel\",\r\n      \"cont\": \"\",\r\n      \"align\": \"top\",\r\n      \"row\": 0,\r\n      \"col\": 0,\r\n      \"colspan\": 5,\r\n      \"offsetx\": 0,\r\n      \"offsety\": 0,\r\n      \"spaceabove\": 0,\r\n      \"spacebelow\": 0,\r\n      \"yvel\": 1,\r\n      \"push\": 0,\r\n      \"relid\": 225,\r\n      \"carousel_options\": {\r\n        \"random\": false,\r\n        \"autoplay\": false,\r\n        \"showMultipleSlides\": false,\r\n        \"freeScroll\": false,\r\n        \"size\": \"aspectRatioOfFirstElement\",\r\n        \"slidesWidth\": \"null\",\r\n        \"transition\": \"sliding\",\r\n        \"loop\": \"1\",\r\n        \"spaceBetween\": 0,\r\n        \"autoplayDelay\": 0,\r\n        \"transitionSpeed\": 300,\r\n        \"autoplaySpeed\": 3000\r\n      },\r\n      \"carousel\": [\r\n        {\r\n          \"type\": \"img\",\r\n          \"attid\": 3135,\r\n          \"cont\": \"\/wp-content\/uploads\/2025\/12\/G_F-98060-2.jpg\",\r\n          \"sizes\": {\r\n            \"full\": \"\/wp-content\/uploads\/2025\/12\/G_F-98060-2.jpg\",\r\n            \"_2560\": \"\/wp-content\/uploads\/2025\/12\/G_F-98060-2-2560x2064.jpg\",\r\n            \"_1920\": \"\/wp-content\/uploads\/2025\/12\/G_F-98060-2-1920x1548.jpg\",\r\n            \"_1280\": \"\/wp-content\/uploads\/2025\/12\/G_F-98060-2-1280x1032.jpg\",\r\n            \"_1024\": \"\/wp-content\/uploads\/2025\/12\/G_F-98060-2-1024x826.jpg\",\r\n            \"_768\": \"\/wp-content\/uploads\/2025\/12\/G_F-98060-2-768x619.jpg\",\r\n            \"_512\": \"\/wp-content\/uploads\/2025\/12\/G_F-98060-2-512x413.jpg\",\r\n            \"_265\": \"\/wp-content\/uploads\/2025\/12\/G_F-98060-2-265x214.jpg\"\r\n          },\r\n          \"w\": 3000,\r\n          \"h\": 2419,\r\n          \"ar\": 0.8063333333333333,\r\n          \"alt\": \"\"\r\n        },\r\n        {\r\n          \"type\": \"img\",\r\n          \"attid\": 3136,\r\n          \"cont\": \"\/wp-content\/uploads\/2025\/12\/Kricke-mit-der-Raumplastik-Weiss-von-1953-1954-Foto-Cal-Hahn.jpg\",\r\n          \"sizes\": {\r\n            \"full\": \"\/wp-content\/uploads\/2025\/12\/Kricke-mit-der-Raumplastik-Weiss-von-1953-1954-Foto-Cal-Hahn.jpg\",\r\n            \"_3840\": \"\/wp-content\/uploads\/2025\/12\/Kricke-mit-der-Raumplastik-Weiss-von-1953-1954-Foto-Cal-Hahn-3840x4617.jpg\",\r\n            \"_3200\": \"\/wp-content\/uploads\/2025\/12\/Kricke-mit-der-Raumplastik-Weiss-von-1953-1954-Foto-Cal-Hahn-3200x3847.jpg\",\r\n            \"_2560\": \"\/wp-content\/uploads\/2025\/12\/Kricke-mit-der-Raumplastik-Weiss-von-1953-1954-Foto-Cal-Hahn-2560x3078.jpg\",\r\n            \"_1920\": \"\/wp-content\/uploads\/2025\/12\/Kricke-mit-der-Raumplastik-Weiss-von-1953-1954-Foto-Cal-Hahn-1920x2308.jpg\",\r\n            \"_1280\": \"\/wp-content\/uploads\/2025\/12\/Kricke-mit-der-Raumplastik-Weiss-von-1953-1954-Foto-Cal-Hahn-1280x1539.jpg\",\r\n            \"_1024\": \"\/wp-content\/uploads\/2025\/12\/Kricke-mit-der-Raumplastik-Weiss-von-1953-1954-Foto-Cal-Hahn-1024x1231.jpg\",\r\n            \"_768\": \"\/wp-content\/uploads\/2025\/12\/Kricke-mit-der-Raumplastik-Weiss-von-1953-1954-Foto-Cal-Hahn-768x923.jpg\",\r\n            \"_512\": \"\/wp-content\/uploads\/2025\/12\/Kricke-mit-der-Raumplastik-Weiss-von-1953-1954-Foto-Cal-Hahn-512x616.jpg\",\r\n            \"_265\": \"\/wp-content\/uploads\/2025\/12\/Kricke-mit-der-Raumplastik-Weiss-von-1953-1954-Foto-Cal-Hahn-265x319.jpg\"\r\n          },\r\n          \"w\": 3934,\r\n          \"h\": 4730,\r\n          \"ar\": 1.2023385866802236,\r\n          \"alt\": \"\"\r\n        }\r\n      ],\r\n      \"absolute_position\": false,\r\n      \"frameOverflow\": \"\"\r\n    },\r\n    {\r\n      \"type\": \"text\",\r\n      \"cont\": \"<p><span style=\\\"font-size: 18px;\\\">Willi Baumeister und Norbert Kricke<br \/><br \/><\/span><span style=\\\"font-size: 18px;\\\">12. Dezember 2025 \u2013 28. Februar 2026<br \/><br \/><span>Er\u00f6ffnung<\/span><br \/><span>Donnerstag, 11. Dezember 2025, 19 \u2013 21 Uhr<\/span><br \/><br \/><span>Einf\u00fchrung<\/span><br \/><span>Klaus Gerrit Friese, 20 Uhr<\/span><br \/><\/span><\/p><p class=\\\"text-build-content\\\"><span><br \/>Wir freuen uns, Sie zu der zweiten Ausstellung in unserer M\u00fcnchner Dependance in der Theresienstra\u00dfe 46 einzuladen. Die Ausstellung \u201eWilli Baumeister und Norbert Kricke\u201c vereint zwei Protagonisten der Kunstgeschichte des 20. Jahrhunderts, die \u2013 jeder auf eigene Weise \u2013 nach einer neuen Kunstsprache suchten, um der Forderung nach k\u00fcnstlerischer Freiheit neue Formen zu verleihen.<\/span><\/p><p class=\\\"text-build-content\\\"><span>In Zusammenarbeit mit der Willi Baumeister Stiftung werden Werke von Willi Baumeister (1889\u20131955) pr\u00e4sentiert: fr\u00fche Lithografien aus dem konstruktivistisch gepr\u00e4gten Fr\u00fchwerk, in dem geometrische Kompositionen stets von der menschlichen Figur ausgehen, sowie Zeichnungen und Gem\u00e4lde aus den 1950er-Jahren. Diese Arbeiten geh\u00f6ren zu Baumeisters ikonischem Sp\u00e4twerk und zeigen ihn als einzigartigen Erfinder lebendiger Bildwelten und wahrhaften Pionier der Avantgarde.<\/span><\/p><p class=\\\"text-build-content\\\"><span>Von Norbert Kricke (1922\u20131984) sind Raumplastiken und Zeichnungen der 1950er-Jahre zu sehen \u2013 einer Phase, in der er sich der Gruppe des Informel angeschlossen hatte. Sein Ziel war die R\u00fcckeroberung k\u00fcnstlerischer Gestaltungsfreiheit in einem Aktionsraum, der durch m\u00f6glichst wenige Koordinaten begrenzt ist. Dieser auf Neuanfang gestimmte Befreiungsakt hatte weitreichende Konsequenzen f\u00fcr sein eigenes Werk wie auch f\u00fcr die Definition der Gattungen Plastik\/Skulptur und Zeichnung. Die Auswahl der Exponate erfolgte in Zusammenarbeit mit Sabine Kricke-G\u00fcse, der Nachlassverwalterin des K\u00fcnstlers.<\/span><\/p><p>\u00a0<\/p><p>\u00a0<\/p><p>\u00a0<\/p><p>\u00a0<\/p><p>\u00a0<\/p><p>\u00a0<\/p><p>\u00a0<\/p>\",\r\n      \"align\": \"top\",\r\n      \"row\": 0,\r\n      \"col\": 7,\r\n      \"colspan\": 5,\r\n      \"offsetx\": 0,\r\n      \"offsety\": 0,\r\n      \"spaceabove\": 0,\r\n      \"spacebelow\": 0,\r\n      \"yvel\": 1,\r\n      \"push\": 2,\r\n      \"relid\": 4,\r\n      \"absolute_position\": false\r\n    }\r\n  ]\r\n}","phonegrid":"{\r\n  \"colCount\": 12,\r\n  \"colGutter\": 1,\r\n  \"rowGutters\": [\r\n    5,\r\n    5\r\n  ],\r\n  \"frameMargin\": 5,\r\n  \"topFrameMargin\": 20,\r\n  \"bottomFrameMargin\": 5,\r\n  \"rowAttrs\": [\r\n    {\r\n      \"relid\": 12\r\n    },\r\n    {\r\n      \"relid\": 13\r\n    },\r\n    {\r\n      \"relid\": 14\r\n    }\r\n  ],\r\n  \"bgColor\": null,\r\n  \"cont\": [\r\n    {\r\n      \"type\": \"carousel\",\r\n      \"cont\": \"\",\r\n      \"align\": \"bottom\",\r\n      \"row\": 0,\r\n      \"col\": 0,\r\n      \"colspan\": 12,\r\n      \"offsetx\": 0,\r\n      \"offsety\": 0,\r\n      \"spaceabove\": 0,\r\n      \"spacebelow\": 0,\r\n      \"yvel\": 1,\r\n      \"push\": 0,\r\n      \"relid\": 225,\r\n      \"carousel_options\": {\r\n        \"random\": false,\r\n        \"autoplay\": false,\r\n        \"showMultipleSlides\": false,\r\n        \"freeScroll\": false,\r\n        \"size\": \"aspectRatioOfFirstElement\",\r\n        \"slidesWidth\": \"null\",\r\n        \"transition\": \"sliding\",\r\n        \"loop\": \"1\",\r\n        \"spaceBetween\": 0,\r\n        \"autoplayDelay\": 0,\r\n        \"transitionSpeed\": 300,\r\n        \"autoplaySpeed\": 3000\r\n      },\r\n      \"carousel\": [\r\n        {\r\n          \"type\": \"img\",\r\n          \"attid\": 3135,\r\n          \"cont\": \"\/wp-content\/uploads\/2025\/12\/G_F-98060-2.jpg\",\r\n          \"sizes\": {\r\n            \"full\": \"\/wp-content\/uploads\/2025\/12\/G_F-98060-2.jpg\",\r\n            \"_2560\": \"\/wp-content\/uploads\/2025\/12\/G_F-98060-2-2560x2064.jpg\",\r\n            \"_1920\": \"\/wp-content\/uploads\/2025\/12\/G_F-98060-2-1920x1548.jpg\",\r\n            \"_1280\": \"\/wp-content\/uploads\/2025\/12\/G_F-98060-2-1280x1032.jpg\",\r\n            \"_1024\": \"\/wp-content\/uploads\/2025\/12\/G_F-98060-2-1024x826.jpg\",\r\n            \"_768\": \"\/wp-content\/uploads\/2025\/12\/G_F-98060-2-768x619.jpg\",\r\n            \"_512\": \"\/wp-content\/uploads\/2025\/12\/G_F-98060-2-512x413.jpg\",\r\n            \"_265\": \"\/wp-content\/uploads\/2025\/12\/G_F-98060-2-265x214.jpg\"\r\n          },\r\n          \"w\": 3000,\r\n          \"h\": 2419,\r\n          \"ar\": 0.8063333333333333,\r\n          \"alt\": \"\"\r\n        },\r\n        {\r\n          \"type\": \"img\",\r\n          \"attid\": 3136,\r\n          \"cont\": \"\/wp-content\/uploads\/2025\/12\/Kricke-mit-der-Raumplastik-Weiss-von-1953-1954-Foto-Cal-Hahn.jpg\",\r\n          \"sizes\": {\r\n            \"full\": \"\/wp-content\/uploads\/2025\/12\/Kricke-mit-der-Raumplastik-Weiss-von-1953-1954-Foto-Cal-Hahn.jpg\",\r\n            \"_3840\": \"\/wp-content\/uploads\/2025\/12\/Kricke-mit-der-Raumplastik-Weiss-von-1953-1954-Foto-Cal-Hahn-3840x4617.jpg\",\r\n            \"_3200\": \"\/wp-content\/uploads\/2025\/12\/Kricke-mit-der-Raumplastik-Weiss-von-1953-1954-Foto-Cal-Hahn-3200x3847.jpg\",\r\n            \"_2560\": \"\/wp-content\/uploads\/2025\/12\/Kricke-mit-der-Raumplastik-Weiss-von-1953-1954-Foto-Cal-Hahn-2560x3078.jpg\",\r\n            \"_1920\": \"\/wp-content\/uploads\/2025\/12\/Kricke-mit-der-Raumplastik-Weiss-von-1953-1954-Foto-Cal-Hahn-1920x2308.jpg\",\r\n            \"_1280\": \"\/wp-content\/uploads\/2025\/12\/Kricke-mit-der-Raumplastik-Weiss-von-1953-1954-Foto-Cal-Hahn-1280x1539.jpg\",\r\n            \"_1024\": \"\/wp-content\/uploads\/2025\/12\/Kricke-mit-der-Raumplastik-Weiss-von-1953-1954-Foto-Cal-Hahn-1024x1231.jpg\",\r\n            \"_768\": \"\/wp-content\/uploads\/2025\/12\/Kricke-mit-der-Raumplastik-Weiss-von-1953-1954-Foto-Cal-Hahn-768x923.jpg\",\r\n            \"_512\": \"\/wp-content\/uploads\/2025\/12\/Kricke-mit-der-Raumplastik-Weiss-von-1953-1954-Foto-Cal-Hahn-512x616.jpg\",\r\n            \"_265\": \"\/wp-content\/uploads\/2025\/12\/Kricke-mit-der-Raumplastik-Weiss-von-1953-1954-Foto-Cal-Hahn-265x319.jpg\"\r\n          },\r\n          \"w\": 3934,\r\n          \"h\": 4730,\r\n          \"ar\": 1.2023385866802236,\r\n          \"alt\": \"\"\r\n        }\r\n      ],\r\n      \"absolute_position\": false\r\n    },\r\n    {\r\n      \"type\": \"text\",\r\n      \"cont\": \"<p><span style=\\\"font-size: 18px;\\\">Willi Baumeister und Norbert Kricke<br \/><br \/><\/span><span style=\\\"font-size: 18px;\\\">12. Dezember 2025 \u2013 28. Februar 2026<br \/><br \/><span>Er\u00f6ffnung<\/span><br \/><span>Donnerstag, 11. Dezember 2025, 19 \u2013 21 Uhr<\/span><br \/><br \/><span>Einf\u00fchrung<\/span><br \/><span>Klaus Gerrit Friese, 20 Uhr<\/span><br \/><\/span><\/p><p class=\\\"text-build-content\\\"><span><br \/>Wir freuen uns, Sie zu der zweiten Ausstellung in unserer M\u00fcnchner Dependance in der Theresienstra\u00dfe 46 einzuladen. Die Ausstellung \u201eWilli Baumeister und Norbert Kricke\u201c vereint zwei Protagonisten der Kunstgeschichte des 20. Jahrhunderts, die \u2013 jeder auf eigene Weise \u2013 nach einer neuen Kunstsprache suchten, um der Forderung nach k\u00fcnstlerischer Freiheit neue Formen zu verleihen.<\/span><\/p><p class=\\\"text-build-content\\\"><span>In Zusammenarbeit mit der Willi Baumeister Stiftung werden Werke von Willi Baumeister (1889\u20131955) pr\u00e4sentiert: fr\u00fche Lithografien aus dem konstruktivistisch gepr\u00e4gten Fr\u00fchwerk, in dem geometrische Kompositionen stets von der menschlichen Figur ausgehen, sowie Zeichnungen und Gem\u00e4lde aus den 1950er-Jahren. Diese Arbeiten geh\u00f6ren zu Baumeisters ikonischem Sp\u00e4twerk und zeigen ihn als einzigartigen Erfinder lebendiger Bildwelten und wahrhaften Pionier der Avantgarde.<\/span><\/p><p class=\\\"text-build-content\\\"><span>Von Norbert Kricke (1922\u20131984) sind Raumplastiken und Zeichnungen der 1950er-Jahre zu sehen \u2013 einer Phase, in der er sich der Gruppe des Informel angeschlossen hatte. Sein Ziel war die R\u00fcckeroberung k\u00fcnstlerischer Gestaltungsfreiheit in einem Aktionsraum, der durch m\u00f6glichst wenige Koordinaten begrenzt ist. Dieser auf Neuanfang gestimmte Befreiungsakt hatte weitreichende Konsequenzen f\u00fcr sein eigenes Werk wie auch f\u00fcr die Definition der Gattungen Plastik\/Skulptur und Zeichnung. Die Auswahl der Exponate erfolgte in Zusammenarbeit mit Sabine Kricke-G\u00fcse, der Nachlassverwalterin des K\u00fcnstlers.<\/span><\/p><p>\u00a0<\/p><p>\u00a0<\/p><p>\u00a0<\/p><p>\u00a0<\/p><p>\u00a0<\/p><p>\u00a0<\/p><p>\u00a0<\/p>\",\r\n      \"align\": \"bottom\",\r\n      \"row\": 1,\r\n      \"col\": 0,\r\n      \"colspan\": 12,\r\n      \"offsetx\": 0,\r\n      \"offsety\": 0,\r\n      \"spaceabove\": 0,\r\n      \"spacebelow\": 0,\r\n      \"yvel\": 1,\r\n      \"push\": 0,\r\n      \"relid\": 4,\r\n      \"frameOverflow\": \"\",\r\n      \"absolute_position\": false\r\n    },\r\n    {\r\n      \"type\": \"text\",\r\n      \"cont\": \"<p><a href=\\\"https:\/\/www.galeriefriese.de\/wp-content\/uploads\/2023\/11\/Cornelius-Voelker_SO-SWEET-SO-DEAD_Galerie-Friese.pdf\\\"><span style=\\\"font-size: 18px;\\\">WERKE<\/span><\/a><\/p>\",\r\n      \"align\": \"top\",\r\n      \"row\": 2,\r\n      \"col\": 0,\r\n      \"colspan\": 12,\r\n      \"offsetx\": 0,\r\n      \"offsety\": 0,\r\n      \"spaceabove\": 0,\r\n      \"spacebelow\": 0,\r\n      \"yvel\": 1,\r\n      \"push\": 0,\r\n      \"relid\": 7,\r\n      \"absolute_position\": false\r\n    }\r\n  ]\r\n}","_links":{"self":[{"href":"https:\/\/www.galeriefriese.de\/en\/wp-json\/wp\/v2\/posts\/3133","targetHints":{"allow":["GET"]}}],"collection":[{"href":"https:\/\/www.galeriefriese.de\/en\/wp-json\/wp\/v2\/posts"}],"about":[{"href":"https:\/\/www.galeriefriese.de\/en\/wp-json\/wp\/v2\/types\/post"}],"author":[{"embeddable":true,"href":"https:\/\/www.galeriefriese.de\/en\/wp-json\/wp\/v2\/users\/3"}],"replies":[{"embeddable":true,"href":"https:\/\/www.galeriefriese.de\/en\/wp-json\/wp\/v2\/comments?post=3133"}],"version-history":[{"count":0,"href":"https:\/\/www.galeriefriese.de\/en\/wp-json\/wp\/v2\/posts\/3133\/revisions"}],"wp:featuredmedia":[{"embeddable":true,"href":"https:\/\/www.galeriefriese.de\/en\/wp-json\/wp\/v2\/media\/3135"}],"wp:attachment":[{"href":"https:\/\/www.galeriefriese.de\/en\/wp-json\/wp\/v2\/media?parent=3133"}],"wp:term":[{"taxonomy":"category","embeddable":true,"href":"https:\/\/www.galeriefriese.de\/en\/wp-json\/wp\/v2\/categories?post=3133"},{"taxonomy":"post_tag","embeddable":true,"href":"https:\/\/www.galeriefriese.de\/en\/wp-json\/wp\/v2\/tags?post=3133"}],"curies":[{"name":"wp","href":"https:\/\/api.w.org\/{rel}","templated":true}]}}