{"id":307,"date":"2022-03-16T11:16:42","date_gmt":"2021-06-15T07:25:02","guid":{"rendered":"http:\/\/test.studio069.com\/jari-kylli-2\/"},"modified":"2025-10-27T15:20:28","modified_gmt":"2025-10-27T14:20:28","slug":"daniel-topka","status":"publish","type":"post","link":"https:\/\/www.galeriefriese.de\/en\/daniel-topka\/","title":{"rendered":"Daniel Topka"},"content":{"rendered":"","protected":false},"excerpt":{"rendered":"","protected":false},"author":1,"featured_media":505,"comment_status":"closed","ping_status":"closed","sticky":false,"template":"","format":"standard","meta":[],"categories":[3],"tags":[],"class_list":["post-307","post","type-post","status-publish","has-post-thumbnail","hentry","category-kuenstler"],"grid":"{\r\n  \"colCount\": 12,\r\n  \"colGutter\": 1,\r\n  \"rowGutters\": [\r\n    3\r\n  ],\r\n  \"frameMargin\": 5,\r\n  \"topFrameMargin\": 200,\r\n  \"bottomFrameMargin\": 5,\r\n  \"rowAttrs\": [\r\n    {\r\n      \"relid\": 7\r\n    },\r\n    {\r\n      \"relid\": 9\r\n    }\r\n  ],\r\n  \"bgColor\": null,\r\n  \"cont\": [\r\n    {\r\n      \"type\": \"text\",\r\n      \"cont\": \"<p><span style=\\\"font-size: 18px;\\\">DANIEL TOPKA<\/span><\/p>\",\r\n      \"align\": \"middle\",\r\n      \"row\": 0,\r\n      \"col\": 9,\r\n      \"colspan\": 2,\r\n      \"offsetx\": 0,\r\n      \"offsety\": 0,\r\n      \"spaceabove\": 0,\r\n      \"spacebelow\": 0,\r\n      \"yvel\": 1,\r\n      \"push\": 9,\r\n      \"relid\": 4,\r\n      \"frameOverflow\": \"\",\r\n      \"absolute_position\": false\r\n    },\r\n    {\r\n      \"type\": \"carousel\",\r\n      \"cont\": \"\",\r\n      \"align\": \"top\",\r\n      \"row\": 1,\r\n      \"col\": 0,\r\n      \"colspan\": 8,\r\n      \"offsetx\": 0,\r\n      \"offsety\": 0,\r\n      \"spaceabove\": 0,\r\n      \"spacebelow\": 0,\r\n      \"yvel\": 1,\r\n      \"push\": 0,\r\n      \"relid\": 401,\r\n      \"carousel_options\": {\r\n        \"random\": false,\r\n        \"autoplay\": false,\r\n        \"showMultipleSlides\": false,\r\n        \"freeScroll\": false,\r\n        \"size\": \"fixedHeight\",\r\n        \"slidesWidth\": \"null\",\r\n        \"transition\": \"sliding\",\r\n        \"loop\": \"1\",\r\n        \"spaceBetween\": 0,\r\n        \"fixedHeight\": \"67vh\",\r\n        \"centeredSlides\": false,\r\n        \"autoplayDelay\": 0,\r\n        \"transitionSpeed\": 300,\r\n        \"autoplaySpeed\": 3000\r\n      },\r\n      \"carousel\": [\r\n        {\r\n          \"type\": \"img\",\r\n          \"attid\": 2181,\r\n          \"cont\": \"\/wp-content\/uploads\/2023\/12\/Top_S_42.001.L.jpg\",\r\n          \"sizes\": {\r\n            \"full\": \"\/wp-content\/uploads\/2023\/12\/Top_S_42.001.L.jpg\",\r\n            \"_768\": \"\/wp-content\/uploads\/2023\/12\/Top_S_42.001.L-768x1000.jpg\",\r\n            \"_512\": \"\/wp-content\/uploads\/2023\/12\/Top_S_42.001.L-512x666.jpg\",\r\n            \"_265\": \"\/wp-content\/uploads\/2023\/12\/Top_S_42.001.L-265x345.jpg\"\r\n          },\r\n          \"w\": 995,\r\n          \"h\": 1295,\r\n          \"ar\": 1.3015075376884422,\r\n          \"alt\": \"\",\r\n          \"caption\": \"<p><span>Daniel Topka<\/span><br \/><span>Tamara de Lempicka_Ein Leben f\u00fcr Dekor und Dekandenz \u2013 Laura Claridge, 2021<br \/><\/span><span>Keramik, glasiert, Nagellack<br \/>22,5 x 15,5 x 2,5 \/ 3,5 cm<br \/><\/span><\/p><p><strong><span><a href=\\\"mailto:kgf@galeriefriese.de?subject=Werkanfrage | Tamara de Lempicka_Ein Leben f\u00fcr Dekor und Dekandenz \u2013 Laura Claridge , Top\/S 42 | Daniel Topka&amp;body=Sehr geehrter Herr Friese, %20\\\">WERK ANFRAGEN<\/a> \u00a0<\/span><\/strong>\u00a0<\/p>\"\r\n        },\r\n        {\r\n          \"type\": \"img\",\r\n          \"attid\": 2180,\r\n          \"cont\": \"\/wp-content\/uploads\/2023\/12\/Top_S_41.003.L.jpg\",\r\n          \"sizes\": {\r\n            \"full\": \"\/wp-content\/uploads\/2023\/12\/Top_S_41.003.L.jpg\",\r\n            \"_1024\": \"\/wp-content\/uploads\/2023\/12\/Top_S_41.003.L-1024x1379.jpg\",\r\n            \"_768\": \"\/wp-content\/uploads\/2023\/12\/Top_S_41.003.L-768x1035.jpg\",\r\n            \"_512\": \"\/wp-content\/uploads\/2023\/12\/Top_S_41.003.L-512x690.jpg\",\r\n            \"_265\": \"\/wp-content\/uploads\/2023\/12\/Top_S_41.003.L-265x357.jpg\"\r\n          },\r\n          \"w\": 1037,\r\n          \"h\": 1397,\r\n          \"ar\": 1.347155255544841,\r\n          \"alt\": \"\",\r\n          \"caption\": \"<p><span>Daniel Topka<\/span><br \/><span>Peggy Guggenheim_Ich habe alles gelebt, 2021<br \/><\/span><span>Keramik, glasiert<\/span><span><br \/>28,5 x 18,5 x 3 cm<br \/><\/span><\/p><p><strong><span><a href=\\\"mailto:kgf@galeriefriese.de?subject=Werkanfrage | Peggy Guggenheim_Ich habe alles gelebt , Top\/S 41 | Daniel Topka&amp;body=Sehr geehrter Herr Friese, %20\\\">WERK ANFRAGEN<\/a> \u00a0<\/span><\/strong>\u00a0 \u00a0\u00a0<\/p>\"\r\n        },\r\n        {\r\n          \"type\": \"img\",\r\n          \"attid\": 2179,\r\n          \"cont\": \"\/wp-content\/uploads\/2023\/12\/Top_S_39.002.L.jpg\",\r\n          \"sizes\": {\r\n            \"full\": \"\/wp-content\/uploads\/2023\/12\/Top_S_39.002.L.jpg\",\r\n            \"_1024\": \"\/wp-content\/uploads\/2023\/12\/Top_S_39.002.L-1024x1383.jpg\",\r\n            \"_768\": \"\/wp-content\/uploads\/2023\/12\/Top_S_39.002.L-768x1037.jpg\",\r\n            \"_512\": \"\/wp-content\/uploads\/2023\/12\/Top_S_39.002.L-512x692.jpg\",\r\n            \"_265\": \"\/wp-content\/uploads\/2023\/12\/Top_S_39.002.L-265x358.jpg\"\r\n          },\r\n          \"w\": 1100,\r\n          \"h\": 1486,\r\n          \"ar\": 1.3509090909090908,\r\n          \"alt\": \"\",\r\n          \"caption\": \"<p><span>Daniel Topka<\/span><br \/><span>Oscar Wilde_The Picture of Dorain Gray, 2021\/22<br \/><\/span><span>Keramik, glasiert<\/span><span>, Nagellack<br \/>10 x 7,5 x 1,5 cm<br \/><\/span><\/p><p><strong><span><a href=\\\"mailto:kgf@galeriefriese.de?subject=Werkanfrage | Oscar Wilde_The Picture of Dorain Gray , Top\/S 39 | Daniel Topka&amp;body=Sehr geehrter Herr Friese, %20\\\">WERK ANFRAGEN<\/a> \u00a0<\/span><\/strong>\u00a0 \u00a0\u00a0<\/p>\"\r\n        }\r\n      ],\r\n      \"absolute_position\": false\r\n    },\r\n    {\r\n      \"type\": \"stack\",\r\n      \"cont\": [\r\n        {\r\n          \"type\": \"text\",\r\n          \"cont\": \"<p><strong>Daniel Topka<\/strong> (*1992, Waldshut) studierte bei Prof. Manfred Pernice sowie bei Prof. Heike-Karin Fo\u0308ll an der Universita\u0308t der Ku\u0308nste Berlin (UdK) und schlo\u00df sein Studium 2021 als Meistersch\u00fcler mit Auszeichnung ab. Seit 2021 studiert er im Masterstudiengang Fine Arts an der Z\u00fcrcher Hochschule der K\u00fcnste.<\/p><p>Daniel Topka hat u. a. im Beach Office, bei PS120, im Projektraum im Kunstquartier Bethanien und in der Alten Mu\u0308nze in Berlin ausgestellt. 2022 lief seine Einzelausstellung <strong><em>Dekadenz<\/em><\/strong> im Kunstverein Heppenheim.<\/p><p>Er ist Preistra\u0308ger des Walter Sto\u0308hrer-Grafik-Preises 2019 sowie des Anerkennungspreises vom IBB Preis fu\u0308r Fotografie. Daniel Topka lebt und arbeitet in Zu\u0308rich.<\/p>\",\r\n          \"align\": \"middle\",\r\n          \"row\": -1,\r\n          \"col\": 0,\r\n          \"colspan\": 3,\r\n          \"offsetx\": 0,\r\n          \"offsety\": 0,\r\n          \"spaceabove\": 0,\r\n          \"spacebelow\": 0,\r\n          \"yvel\": 1,\r\n          \"push\": 0,\r\n          \"relid\": 6,\r\n          \"absolute_position\": false\r\n        },\r\n        {\r\n          \"type\": \"text\",\r\n          \"cont\": \"<p><span style=\\\"font-size: 18px;\\\"><a href=\\\"https:\/\/www.galeriefriese.de\/daniel-topka-biografie\/\\\" data-type=\\\"project\\\" data-id=\\\"306\\\" data-title=\\\"Daniel Topka Biografie\\\" data-catid=\\\"[9,3]\\\"><span style=\\\"letter-spacing: 0.02em;\\\">BIOGRAFIE<\/span><\/a><\/span><\/p><p><span style=\\\"font-size: 18px;\\\"><a href=\\\"https:\/\/www.galeriefriese.de\/daniel-topka-stop-kitten-production\/\\\" data-type=\\\"project\\\" data-id=\\\"1166\\\" data-title=\\\"Stop Kitten Production &amp; Dekadenz I\\\" data-catid=\\\"[4]\\\">AUSSTELLUNGEN<\/a><\/span><\/p>\",\r\n          \"align\": \"top\",\r\n          \"row\": -1,\r\n          \"col\": 0,\r\n          \"colspan\": 3,\r\n          \"offsetx\": 0,\r\n          \"offsety\": 0,\r\n          \"spaceabove\": 10,\r\n          \"spacebelow\": 0,\r\n          \"yvel\": 1,\r\n          \"push\": 0,\r\n          \"relid\": 8,\r\n          \"absolute_position\": false\r\n        }\r\n      ],\r\n      \"align\": \"top\",\r\n      \"row\": 1,\r\n      \"col\": 9,\r\n      \"colspan\": 3,\r\n      \"offsetx\": 0,\r\n      \"offsety\": 0,\r\n      \"spaceabove\": 0,\r\n      \"spacebelow\": 0,\r\n      \"yvel\": 1,\r\n      \"push\": 1,\r\n      \"relid\": 5,\r\n      \"frameOverflow\": \"\",\r\n      \"absolute_position\": false\r\n    }\r\n  ]\r\n}","phonegrid":"","_links":{"self":[{"href":"https:\/\/www.galeriefriese.de\/en\/wp-json\/wp\/v2\/posts\/307","targetHints":{"allow":["GET"]}}],"collection":[{"href":"https:\/\/www.galeriefriese.de\/en\/wp-json\/wp\/v2\/posts"}],"about":[{"href":"https:\/\/www.galeriefriese.de\/en\/wp-json\/wp\/v2\/types\/post"}],"author":[{"embeddable":true,"href":"https:\/\/www.galeriefriese.de\/en\/wp-json\/wp\/v2\/users\/1"}],"replies":[{"embeddable":true,"href":"https:\/\/www.galeriefriese.de\/en\/wp-json\/wp\/v2\/comments?post=307"}],"version-history":[{"count":0,"href":"https:\/\/www.galeriefriese.de\/en\/wp-json\/wp\/v2\/posts\/307\/revisions"}],"wp:featuredmedia":[{"embeddable":true,"href":"https:\/\/www.galeriefriese.de\/en\/wp-json\/wp\/v2\/media\/505"}],"wp:attachment":[{"href":"https:\/\/www.galeriefriese.de\/en\/wp-json\/wp\/v2\/media?parent=307"}],"wp:term":[{"taxonomy":"category","embeddable":true,"href":"https:\/\/www.galeriefriese.de\/en\/wp-json\/wp\/v2\/categories?post=307"},{"taxonomy":"post_tag","embeddable":true,"href":"https:\/\/www.galeriefriese.de\/en\/wp-json\/wp\/v2\/tags?post=307"}],"curies":[{"name":"wp","href":"https:\/\/api.w.org\/{rel}","templated":true}]}}