{"id":2592,"date":"2025-01-13T10:20:02","date_gmt":"2025-01-13T09:20:02","guid":{"rendered":"https:\/\/www.galeriefriese.de\/von-a-bis-z-copy\/"},"modified":"2025-02-03T14:04:49","modified_gmt":"2025-02-03T13:04:49","slug":"walter_stoehrer-grafik-preis2024","status":"publish","type":"post","link":"https:\/\/www.galeriefriese.de\/en\/walter_stoehrer-grafik-preis2024\/","title":{"rendered":"WALTER ST\u00d6HRER-GRAFIK-PREIS 2024"},"content":{"rendered":"","protected":false},"excerpt":{"rendered":"","protected":false},"author":3,"featured_media":2610,"comment_status":"closed","ping_status":"closed","sticky":false,"template":"","format":"standard","meta":[],"categories":[4],"tags":[],"class_list":["post-2592","post","type-post","status-publish","has-post-thumbnail","hentry","category-ausstellung"],"grid":"{\r\n  \"colCount\": 12,\r\n  \"colGutter\": 1,\r\n  \"rowGutters\": [\r\n    5\r\n  ],\r\n  \"frameMargin\": 5,\r\n  \"topFrameMargin\": 200,\r\n  \"bottomFrameMargin\": 5,\r\n  \"rowAttrs\": [\r\n    {\r\n      \"relid\": 1\r\n    },\r\n    {\r\n      \"relid\": 2\r\n    }\r\n  ],\r\n  \"bgColor\": null,\r\n  \"cont\": [\r\n    {\r\n      \"type\": \"carousel\",\r\n      \"cont\": \"\",\r\n      \"align\": \"top\",\r\n      \"row\": 0,\r\n      \"col\": 0,\r\n      \"colspan\": 6,\r\n      \"offsetx\": 0,\r\n      \"offsety\": 0,\r\n      \"spaceabove\": 0,\r\n      \"spacebelow\": 0,\r\n      \"yvel\": 1,\r\n      \"push\": 0,\r\n      \"relid\": 225,\r\n      \"carousel_options\": {\r\n        \"random\": false,\r\n        \"autoplay\": false,\r\n        \"showMultipleSlides\": false,\r\n        \"freeScroll\": false,\r\n        \"size\": \"aspectRatioOfFirstElement\",\r\n        \"slidesWidth\": \"null\",\r\n        \"transition\": \"sliding\",\r\n        \"loop\": \"1\",\r\n        \"spaceBetween\": 0,\r\n        \"autoplayDelay\": 0,\r\n        \"transitionSpeed\": 300,\r\n        \"autoplaySpeed\": 3000\r\n      },\r\n      \"carousel\": [\r\n        {\r\n          \"type\": \"img\",\r\n          \"attid\": 2605,\r\n          \"cont\": \"\/wp-content\/uploads\/2025\/01\/G_F-113617.jpg\",\r\n          \"sizes\": {\r\n            \"full\": \"\/wp-content\/uploads\/2025\/01\/G_F-113617.jpg\",\r\n            \"_2560\": \"\/wp-content\/uploads\/2025\/01\/G_F-113617-2560x1920.jpg\",\r\n            \"_1920\": \"\/wp-content\/uploads\/2025\/01\/G_F-113617-1920x1440.jpg\",\r\n            \"_1280\": \"\/wp-content\/uploads\/2025\/01\/G_F-113617-1280x960.jpg\",\r\n            \"_1024\": \"\/wp-content\/uploads\/2025\/01\/G_F-113617-1024x768.jpg\",\r\n            \"_768\": \"\/wp-content\/uploads\/2025\/01\/G_F-113617-768x576.jpg\",\r\n            \"_512\": \"\/wp-content\/uploads\/2025\/01\/G_F-113617-512x384.jpg\",\r\n            \"_265\": \"\/wp-content\/uploads\/2025\/01\/G_F-113617-265x199.jpg\"\r\n          },\r\n          \"w\": 3000,\r\n          \"h\": 2250,\r\n          \"ar\": 0.75,\r\n          \"alt\": \"\"\r\n        },\r\n        {\r\n          \"type\": \"img\",\r\n          \"attid\": 2606,\r\n          \"cont\": \"\/wp-content\/uploads\/2025\/01\/G_F-113620.jpg\",\r\n          \"sizes\": {\r\n            \"full\": \"\/wp-content\/uploads\/2025\/01\/G_F-113620.jpg\",\r\n            \"_2560\": \"\/wp-content\/uploads\/2025\/01\/G_F-113620-2560x1920.jpg\",\r\n            \"_1920\": \"\/wp-content\/uploads\/2025\/01\/G_F-113620-1920x1440.jpg\",\r\n            \"_1280\": \"\/wp-content\/uploads\/2025\/01\/G_F-113620-1280x960.jpg\",\r\n            \"_1024\": \"\/wp-content\/uploads\/2025\/01\/G_F-113620-1024x768.jpg\",\r\n            \"_768\": \"\/wp-content\/uploads\/2025\/01\/G_F-113620-768x576.jpg\",\r\n            \"_512\": \"\/wp-content\/uploads\/2025\/01\/G_F-113620-512x384.jpg\",\r\n            \"_265\": \"\/wp-content\/uploads\/2025\/01\/G_F-113620-265x199.jpg\"\r\n          },\r\n          \"w\": 3000,\r\n          \"h\": 2250,\r\n          \"ar\": 0.75,\r\n          \"alt\": \"\"\r\n        },\r\n        {\r\n          \"type\": \"img\",\r\n          \"attid\": 2607,\r\n          \"cont\": \"\/wp-content\/uploads\/2025\/01\/G_F-113626.jpg\",\r\n          \"sizes\": {\r\n            \"full\": \"\/wp-content\/uploads\/2025\/01\/G_F-113626.jpg\",\r\n            \"_2560\": \"\/wp-content\/uploads\/2025\/01\/G_F-113626-2560x2215.jpg\",\r\n            \"_1920\": \"\/wp-content\/uploads\/2025\/01\/G_F-113626-1920x1661.jpg\",\r\n            \"_1280\": \"\/wp-content\/uploads\/2025\/01\/G_F-113626-1280x1108.jpg\",\r\n            \"_1024\": \"\/wp-content\/uploads\/2025\/01\/G_F-113626-1024x886.jpg\",\r\n            \"_768\": \"\/wp-content\/uploads\/2025\/01\/G_F-113626-768x665.jpg\",\r\n            \"_512\": \"\/wp-content\/uploads\/2025\/01\/G_F-113626-512x443.jpg\",\r\n            \"_265\": \"\/wp-content\/uploads\/2025\/01\/G_F-113626-265x229.jpg\"\r\n          },\r\n          \"w\": 3000,\r\n          \"h\": 2596,\r\n          \"ar\": 0.8653333333333333,\r\n          \"alt\": \"\"\r\n        },\r\n        {\r\n          \"type\": \"img\",\r\n          \"attid\": 2608,\r\n          \"cont\": \"\/wp-content\/uploads\/2025\/01\/G_F-113634.jpg\",\r\n          \"sizes\": {\r\n            \"full\": \"\/wp-content\/uploads\/2025\/01\/G_F-113634.jpg\",\r\n            \"_2560\": \"\/wp-content\/uploads\/2025\/01\/G_F-113634-2560x1920.jpg\",\r\n            \"_1920\": \"\/wp-content\/uploads\/2025\/01\/G_F-113634-1920x1440.jpg\",\r\n            \"_1280\": \"\/wp-content\/uploads\/2025\/01\/G_F-113634-1280x960.jpg\",\r\n            \"_1024\": \"\/wp-content\/uploads\/2025\/01\/G_F-113634-1024x768.jpg\",\r\n            \"_768\": \"\/wp-content\/uploads\/2025\/01\/G_F-113634-768x576.jpg\",\r\n            \"_512\": \"\/wp-content\/uploads\/2025\/01\/G_F-113634-512x384.jpg\",\r\n            \"_265\": \"\/wp-content\/uploads\/2025\/01\/G_F-113634-265x199.jpg\"\r\n          },\r\n          \"w\": 3000,\r\n          \"h\": 2250,\r\n          \"ar\": 0.75,\r\n          \"alt\": \"\"\r\n        },\r\n        {\r\n          \"type\": \"img\",\r\n          \"attid\": 2609,\r\n          \"cont\": \"\/wp-content\/uploads\/2025\/01\/G_F-113636.jpg\",\r\n          \"sizes\": {\r\n            \"full\": \"\/wp-content\/uploads\/2025\/01\/G_F-113636.jpg\",\r\n            \"_2560\": \"\/wp-content\/uploads\/2025\/01\/G_F-113636-2560x1920.jpg\",\r\n            \"_1920\": \"\/wp-content\/uploads\/2025\/01\/G_F-113636-1920x1440.jpg\",\r\n            \"_1280\": \"\/wp-content\/uploads\/2025\/01\/G_F-113636-1280x960.jpg\",\r\n            \"_1024\": \"\/wp-content\/uploads\/2025\/01\/G_F-113636-1024x768.jpg\",\r\n            \"_768\": \"\/wp-content\/uploads\/2025\/01\/G_F-113636-768x576.jpg\",\r\n            \"_512\": \"\/wp-content\/uploads\/2025\/01\/G_F-113636-512x384.jpg\",\r\n            \"_265\": \"\/wp-content\/uploads\/2025\/01\/G_F-113636-265x199.jpg\"\r\n          },\r\n          \"w\": 3000,\r\n          \"h\": 2250,\r\n          \"ar\": 0.75,\r\n          \"alt\": \"\"\r\n        },\r\n        {\r\n          \"type\": \"img\",\r\n          \"attid\": 2610,\r\n          \"cont\": \"\/wp-content\/uploads\/2025\/01\/G_F-113676.jpg\",\r\n          \"sizes\": {\r\n            \"full\": \"\/wp-content\/uploads\/2025\/01\/G_F-113676.jpg\",\r\n            \"_2560\": \"\/wp-content\/uploads\/2025\/01\/G_F-113676-2560x1920.jpg\",\r\n            \"_1920\": \"\/wp-content\/uploads\/2025\/01\/G_F-113676-1920x1440.jpg\",\r\n            \"_1280\": \"\/wp-content\/uploads\/2025\/01\/G_F-113676-1280x960.jpg\",\r\n            \"_1024\": \"\/wp-content\/uploads\/2025\/01\/G_F-113676-1024x768.jpg\",\r\n            \"_768\": \"\/wp-content\/uploads\/2025\/01\/G_F-113676-768x576.jpg\",\r\n            \"_512\": \"\/wp-content\/uploads\/2025\/01\/G_F-113676-512x384.jpg\",\r\n            \"_265\": \"\/wp-content\/uploads\/2025\/01\/G_F-113676-265x199.jpg\"\r\n          },\r\n          \"w\": 3000,\r\n          \"h\": 2250,\r\n          \"ar\": 0.75,\r\n          \"alt\": \"\"\r\n        }\r\n      ],\r\n      \"absolute_position\": false\r\n    },\r\n    {\r\n      \"type\": \"text\",\r\n      \"cont\": \"<p><span style=\\\"font-size: 18px;\\\">WALTER ST\u00d6HRER-GRAFIK-PREIS 2024<br \/><br \/>Ronja Look<br \/>Eleni Manolopoulos<br \/><br \/>Anerkennungspreise<br \/>Miro Boehm<br \/>Abner Braig<\/span><\/p><p class=\\\"_Default\\\"><span style=\\\"font-size: 18px;\\\">18. Januar \u2013 01. Februar 2025<\/span><\/p><p>Er\u00f6ffnung<br \/>Freitag, 17. Januar 2025, 19 Uhr<\/p><p class=\\\"text-build-content\\\"><span>Seit 2012 vergibt die Walter St\u00f6hrer-Stiftung den <\/span><a class=\\\"link-build-content\\\" title=\\\"http:\/\/y1m5.mjt.lu\/lnk\/AboAABtFiXAAAAAAAAAAATpMeKAAAAAACfoAAAAAAAuX8ABnhRgX54jLpKRPT0uPm-lrUl_lvQALsMM\/4\/W08InOn6ax4PFRJ2HUBHJQ\/aHR0cHM6Ly93d3cudWRrLWJlcmxpbi5kZS91bml2ZXJzaXRhZXQvd2V0dGJld2VyYmUvZmFrdWx0YWV0LWJpbGRlbmRlLWt1bnN0L2hvY2hzY2h1bGludGVybmUtd2V0dGJld2VyYmUvd2FsdGVyLXN0b2VocmVyLXByZWlzLWZ1ZXItZ3JhZmlrLyNjMTUyMTEw#c152110\\\" rel=\\\"noopener\\\" href=\\\"http:\/\/y1m5.mjt.lu\/lnk\/AboAABtFiXAAAAAAAAAAATpMeKAAAAAACfoAAAAAAAuX8ABnhRgX54jLpKRPT0uPm-lrUl_lvQALsMM\/4\/W08InOn6ax4PFRJ2HUBHJQ\/aHR0cHM6Ly93d3cudWRrLWJlcmxpbi5kZS91bml2ZXJzaXRhZXQvd2V0dGJld2VyYmUvZmFrdWx0YWV0LWJpbGRlbmRlLWt1bnN0L2hvY2hzY2h1bGludGVybmUtd2V0dGJld2VyYmUvd2FsdGVyLXN0b2VocmVyLXByZWlzLWZ1ZXItZ3JhZmlrLyNjMTUyMTEw#c152110\\\" target=\\\"_blank\\\"><span>Walter St\u00f6hrer-Preis f\u00fcr Grafik <\/span><\/a><span>im j\u00e4hrlichen Wechsel an Studierende der Akademie der Bildenden K\u00fcnste Stuttgart und der Universit\u00e4t der K\u00fcnste Berlin.\u00a0<\/span><\/p><p class=\\\"text-build-content\\\"><span>Die Ausstellung in der Galerie Friese zeigt die Preistr\u00e4ger\/-innen von 2024 \u2013 Studierende der Universit\u00e4t der K\u00fcnste Berlin, an der Walter St\u00f6hrer von 1986 bis 2000 eine Fachklasse f\u00fcr Malerei und Grafik unterrichtete.<\/span><\/p><p class=\\\"text-build-content\\\"><span>F\u00fcr die Auslobung des Walter St\u00f6hrer-Preis f\u00fcr Grafik konnten sich Studierende der UdK Berlin nach erfolgreicher Zwischenpr\u00fcfung auf Vorschlag ihrer Professoren\/Professorinnen bewerben. Der erste Preis ist mit 2.500 \u20ac dotiert, weitere zwei \u00a0Studierende erhalten eine Anerkennung.<\/span><\/p>\",\r\n      \"align\": \"top\",\r\n      \"row\": 0,\r\n      \"col\": 7,\r\n      \"colspan\": 5,\r\n      \"offsetx\": 0,\r\n      \"offsety\": 0,\r\n      \"spaceabove\": 0,\r\n      \"spacebelow\": 0,\r\n      \"yvel\": 1,\r\n      \"push\": 1,\r\n      \"relid\": 4,\r\n      \"absolute_position\": false\r\n    }\r\n  ]\r\n}","phonegrid":"{\r\n  \"colCount\": 12,\r\n  \"colGutter\": 1,\r\n  \"rowGutters\": [\r\n    5,\r\n    5\r\n  ],\r\n  \"frameMargin\": 5,\r\n  \"topFrameMargin\": 20,\r\n  \"bottomFrameMargin\": 5,\r\n  \"rowAttrs\": [\r\n    {\r\n      \"relid\": 12\r\n    },\r\n    {\r\n      \"relid\": 13\r\n    },\r\n    {\r\n      \"relid\": 14\r\n    }\r\n  ],\r\n  \"bgColor\": null,\r\n  \"cont\": [\r\n    {\r\n      \"type\": \"carousel\",\r\n      \"cont\": \"\",\r\n      \"align\": \"bottom\",\r\n      \"row\": 0,\r\n      \"col\": 0,\r\n      \"colspan\": 12,\r\n      \"offsetx\": 0,\r\n      \"offsety\": 0,\r\n      \"spaceabove\": 0,\r\n      \"spacebelow\": 0,\r\n      \"yvel\": 1,\r\n      \"push\": 0,\r\n      \"relid\": 225,\r\n      \"carousel_options\": {\r\n        \"random\": false,\r\n        \"autoplay\": false,\r\n        \"showMultipleSlides\": false,\r\n        \"freeScroll\": false,\r\n        \"size\": \"aspectRatioOfFirstElement\",\r\n        \"slidesWidth\": \"null\",\r\n        \"transition\": \"sliding\",\r\n        \"loop\": \"1\",\r\n        \"spaceBetween\": 0,\r\n        \"autoplayDelay\": 0,\r\n        \"transitionSpeed\": 300,\r\n        \"autoplaySpeed\": 3000\r\n      },\r\n      \"carousel\": [\r\n        {\r\n          \"type\": \"img\",\r\n          \"attid\": 2605,\r\n          \"cont\": \"\/wp-content\/uploads\/2025\/01\/G_F-113617.jpg\",\r\n          \"sizes\": {\r\n            \"full\": \"\/wp-content\/uploads\/2025\/01\/G_F-113617.jpg\",\r\n            \"_2560\": \"\/wp-content\/uploads\/2025\/01\/G_F-113617-2560x1920.jpg\",\r\n            \"_1920\": \"\/wp-content\/uploads\/2025\/01\/G_F-113617-1920x1440.jpg\",\r\n            \"_1280\": \"\/wp-content\/uploads\/2025\/01\/G_F-113617-1280x960.jpg\",\r\n            \"_1024\": \"\/wp-content\/uploads\/2025\/01\/G_F-113617-1024x768.jpg\",\r\n            \"_768\": \"\/wp-content\/uploads\/2025\/01\/G_F-113617-768x576.jpg\",\r\n            \"_512\": \"\/wp-content\/uploads\/2025\/01\/G_F-113617-512x384.jpg\",\r\n            \"_265\": \"\/wp-content\/uploads\/2025\/01\/G_F-113617-265x199.jpg\"\r\n          },\r\n          \"w\": 3000,\r\n          \"h\": 2250,\r\n          \"ar\": 0.75,\r\n          \"alt\": \"\"\r\n        },\r\n        {\r\n          \"type\": \"img\",\r\n          \"attid\": 2606,\r\n          \"cont\": \"\/wp-content\/uploads\/2025\/01\/G_F-113620.jpg\",\r\n          \"sizes\": {\r\n            \"full\": \"\/wp-content\/uploads\/2025\/01\/G_F-113620.jpg\",\r\n            \"_2560\": \"\/wp-content\/uploads\/2025\/01\/G_F-113620-2560x1920.jpg\",\r\n            \"_1920\": \"\/wp-content\/uploads\/2025\/01\/G_F-113620-1920x1440.jpg\",\r\n            \"_1280\": \"\/wp-content\/uploads\/2025\/01\/G_F-113620-1280x960.jpg\",\r\n            \"_1024\": \"\/wp-content\/uploads\/2025\/01\/G_F-113620-1024x768.jpg\",\r\n            \"_768\": \"\/wp-content\/uploads\/2025\/01\/G_F-113620-768x576.jpg\",\r\n            \"_512\": \"\/wp-content\/uploads\/2025\/01\/G_F-113620-512x384.jpg\",\r\n            \"_265\": \"\/wp-content\/uploads\/2025\/01\/G_F-113620-265x199.jpg\"\r\n          },\r\n          \"w\": 3000,\r\n          \"h\": 2250,\r\n          \"ar\": 0.75,\r\n          \"alt\": \"\"\r\n        },\r\n        {\r\n          \"type\": \"img\",\r\n          \"attid\": 2607,\r\n          \"cont\": \"\/wp-content\/uploads\/2025\/01\/G_F-113626.jpg\",\r\n          \"sizes\": {\r\n            \"full\": \"\/wp-content\/uploads\/2025\/01\/G_F-113626.jpg\",\r\n            \"_2560\": \"\/wp-content\/uploads\/2025\/01\/G_F-113626-2560x2215.jpg\",\r\n            \"_1920\": \"\/wp-content\/uploads\/2025\/01\/G_F-113626-1920x1661.jpg\",\r\n            \"_1280\": \"\/wp-content\/uploads\/2025\/01\/G_F-113626-1280x1108.jpg\",\r\n            \"_1024\": \"\/wp-content\/uploads\/2025\/01\/G_F-113626-1024x886.jpg\",\r\n            \"_768\": \"\/wp-content\/uploads\/2025\/01\/G_F-113626-768x665.jpg\",\r\n            \"_512\": \"\/wp-content\/uploads\/2025\/01\/G_F-113626-512x443.jpg\",\r\n            \"_265\": \"\/wp-content\/uploads\/2025\/01\/G_F-113626-265x229.jpg\"\r\n          },\r\n          \"w\": 3000,\r\n          \"h\": 2596,\r\n          \"ar\": 0.8653333333333333,\r\n          \"alt\": \"\"\r\n        },\r\n        {\r\n          \"type\": \"img\",\r\n          \"attid\": 2608,\r\n          \"cont\": \"\/wp-content\/uploads\/2025\/01\/G_F-113634.jpg\",\r\n          \"sizes\": {\r\n            \"full\": \"\/wp-content\/uploads\/2025\/01\/G_F-113634.jpg\",\r\n            \"_2560\": \"\/wp-content\/uploads\/2025\/01\/G_F-113634-2560x1920.jpg\",\r\n            \"_1920\": \"\/wp-content\/uploads\/2025\/01\/G_F-113634-1920x1440.jpg\",\r\n            \"_1280\": \"\/wp-content\/uploads\/2025\/01\/G_F-113634-1280x960.jpg\",\r\n            \"_1024\": \"\/wp-content\/uploads\/2025\/01\/G_F-113634-1024x768.jpg\",\r\n            \"_768\": \"\/wp-content\/uploads\/2025\/01\/G_F-113634-768x576.jpg\",\r\n            \"_512\": \"\/wp-content\/uploads\/2025\/01\/G_F-113634-512x384.jpg\",\r\n            \"_265\": \"\/wp-content\/uploads\/2025\/01\/G_F-113634-265x199.jpg\"\r\n          },\r\n          \"w\": 3000,\r\n          \"h\": 2250,\r\n          \"ar\": 0.75,\r\n          \"alt\": \"\"\r\n        },\r\n        {\r\n          \"type\": \"img\",\r\n          \"attid\": 2609,\r\n          \"cont\": \"\/wp-content\/uploads\/2025\/01\/G_F-113636.jpg\",\r\n          \"sizes\": {\r\n            \"full\": \"\/wp-content\/uploads\/2025\/01\/G_F-113636.jpg\",\r\n            \"_2560\": \"\/wp-content\/uploads\/2025\/01\/G_F-113636-2560x1920.jpg\",\r\n            \"_1920\": \"\/wp-content\/uploads\/2025\/01\/G_F-113636-1920x1440.jpg\",\r\n            \"_1280\": \"\/wp-content\/uploads\/2025\/01\/G_F-113636-1280x960.jpg\",\r\n            \"_1024\": \"\/wp-content\/uploads\/2025\/01\/G_F-113636-1024x768.jpg\",\r\n            \"_768\": \"\/wp-content\/uploads\/2025\/01\/G_F-113636-768x576.jpg\",\r\n            \"_512\": \"\/wp-content\/uploads\/2025\/01\/G_F-113636-512x384.jpg\",\r\n            \"_265\": \"\/wp-content\/uploads\/2025\/01\/G_F-113636-265x199.jpg\"\r\n          },\r\n          \"w\": 3000,\r\n          \"h\": 2250,\r\n          \"ar\": 0.75,\r\n          \"alt\": \"\"\r\n        },\r\n        {\r\n          \"type\": \"img\",\r\n          \"attid\": 2610,\r\n          \"cont\": \"\/wp-content\/uploads\/2025\/01\/G_F-113676.jpg\",\r\n          \"sizes\": {\r\n            \"full\": \"\/wp-content\/uploads\/2025\/01\/G_F-113676.jpg\",\r\n            \"_2560\": \"\/wp-content\/uploads\/2025\/01\/G_F-113676-2560x1920.jpg\",\r\n            \"_1920\": \"\/wp-content\/uploads\/2025\/01\/G_F-113676-1920x1440.jpg\",\r\n            \"_1280\": \"\/wp-content\/uploads\/2025\/01\/G_F-113676-1280x960.jpg\",\r\n            \"_1024\": \"\/wp-content\/uploads\/2025\/01\/G_F-113676-1024x768.jpg\",\r\n            \"_768\": \"\/wp-content\/uploads\/2025\/01\/G_F-113676-768x576.jpg\",\r\n            \"_512\": \"\/wp-content\/uploads\/2025\/01\/G_F-113676-512x384.jpg\",\r\n            \"_265\": \"\/wp-content\/uploads\/2025\/01\/G_F-113676-265x199.jpg\"\r\n          },\r\n          \"w\": 3000,\r\n          \"h\": 2250,\r\n          \"ar\": 0.75,\r\n          \"alt\": \"\"\r\n        }\r\n      ],\r\n      \"absolute_position\": false\r\n    },\r\n    {\r\n      \"type\": \"text\",\r\n      \"cont\": \"<p><span style=\\\"font-size: 18px;\\\">WALTER ST\u00d6HRER-GRAFIK-PREIS 2024<br \/><br \/>Ronja Look<br \/>Eleni Manolopoulos<br \/><br \/>Anerkennungspreise<br \/>Miro Boehm<br \/>Abner Braig<\/span><\/p><p class=\\\"_Default\\\"><span style=\\\"font-size: 18px;\\\">18. Januar \u2013 01. Februar 2025<\/span><\/p><p>Er\u00f6ffnung<br \/>Freitag, 17. Januar 2025, 19 Uhr<\/p><p class=\\\"text-build-content\\\"><span>Seit 2012 vergibt die Walter St\u00f6hrer-Stiftung den <\/span><a class=\\\"link-build-content\\\" title=\\\"http:\/\/y1m5.mjt.lu\/lnk\/AboAABtFiXAAAAAAAAAAATpMeKAAAAAACfoAAAAAAAuX8ABnhRgX54jLpKRPT0uPm-lrUl_lvQALsMM\/4\/W08InOn6ax4PFRJ2HUBHJQ\/aHR0cHM6Ly93d3cudWRrLWJlcmxpbi5kZS91bml2ZXJzaXRhZXQvd2V0dGJld2VyYmUvZmFrdWx0YWV0LWJpbGRlbmRlLWt1bnN0L2hvY2hzY2h1bGludGVybmUtd2V0dGJld2VyYmUvd2FsdGVyLXN0b2VocmVyLXByZWlzLWZ1ZXItZ3JhZmlrLyNjMTUyMTEw#c152110\\\" rel=\\\"noopener\\\" href=\\\"http:\/\/y1m5.mjt.lu\/lnk\/AboAABtFiXAAAAAAAAAAATpMeKAAAAAACfoAAAAAAAuX8ABnhRgX54jLpKRPT0uPm-lrUl_lvQALsMM\/4\/W08InOn6ax4PFRJ2HUBHJQ\/aHR0cHM6Ly93d3cudWRrLWJlcmxpbi5kZS91bml2ZXJzaXRhZXQvd2V0dGJld2VyYmUvZmFrdWx0YWV0LWJpbGRlbmRlLWt1bnN0L2hvY2hzY2h1bGludGVybmUtd2V0dGJld2VyYmUvd2FsdGVyLXN0b2VocmVyLXByZWlzLWZ1ZXItZ3JhZmlrLyNjMTUyMTEw#c152110\\\" target=\\\"_blank\\\"><span>Walter St\u00f6hrer-Preis f\u00fcr Grafik <\/span><\/a><span>im j\u00e4hrlichen Wechsel an Studierende der Akademie der Bildenden K\u00fcnste Stuttgart und der Universit\u00e4t der K\u00fcnste Berlin.\u00a0<\/span><\/p><p class=\\\"text-build-content\\\"><span>Die Ausstellung in der Galerie Friese zeigt die Preistr\u00e4ger\/-innen von 2024 \u2013 Studierende der Universit\u00e4t der K\u00fcnste Berlin, an der Walter St\u00f6hrer von 1986 bis 2000 eine Fachklasse f\u00fcr Malerei und Grafik unterrichtete.<\/span><\/p><p class=\\\"text-build-content\\\"><span>F\u00fcr die Auslobung des Walter St\u00f6hrer-Preis f\u00fcr Grafik konnten sich Studierende der UdK Berlin nach erfolgreicher Zwischenpr\u00fcfung auf Vorschlag ihrer Professoren\/Professorinnen bewerben. Der erste Preis ist mit 2.500 \u20ac dotiert, weitere zwei \u00a0Studierende erhalten eine Anerkennung.<\/span><\/p>\",\r\n      \"align\": \"bottom\",\r\n      \"row\": 1,\r\n      \"col\": 0,\r\n      \"colspan\": 12,\r\n      \"offsetx\": 0,\r\n      \"offsety\": 0,\r\n      \"spaceabove\": 0,\r\n      \"spacebelow\": 0,\r\n      \"yvel\": 1,\r\n      \"push\": 0,\r\n      \"relid\": 4,\r\n      \"frameOverflow\": \"\",\r\n      \"absolute_position\": false\r\n    },\r\n    {\r\n      \"type\": \"text\",\r\n      \"cont\": \"<p><a href=\\\"https:\/\/www.galeriefriese.de\/wp-content\/uploads\/2023\/11\/Cornelius-Voelker_SO-SWEET-SO-DEAD_Galerie-Friese.pdf\\\"><span style=\\\"font-size: 18px;\\\">WERKE<\/span><\/a><\/p>\",\r\n      \"align\": \"top\",\r\n      \"row\": 2,\r\n      \"col\": 0,\r\n      \"colspan\": 12,\r\n      \"offsetx\": 0,\r\n      \"offsety\": 0,\r\n      \"spaceabove\": 0,\r\n      \"spacebelow\": 0,\r\n      \"yvel\": 1,\r\n      \"push\": 0,\r\n      \"relid\": 7,\r\n      \"absolute_position\": false\r\n    }\r\n  ]\r\n}","_links":{"self":[{"href":"https:\/\/www.galeriefriese.de\/en\/wp-json\/wp\/v2\/posts\/2592","targetHints":{"allow":["GET"]}}],"collection":[{"href":"https:\/\/www.galeriefriese.de\/en\/wp-json\/wp\/v2\/posts"}],"about":[{"href":"https:\/\/www.galeriefriese.de\/en\/wp-json\/wp\/v2\/types\/post"}],"author":[{"embeddable":true,"href":"https:\/\/www.galeriefriese.de\/en\/wp-json\/wp\/v2\/users\/3"}],"replies":[{"embeddable":true,"href":"https:\/\/www.galeriefriese.de\/en\/wp-json\/wp\/v2\/comments?post=2592"}],"version-history":[{"count":0,"href":"https:\/\/www.galeriefriese.de\/en\/wp-json\/wp\/v2\/posts\/2592\/revisions"}],"wp:featuredmedia":[{"embeddable":true,"href":"https:\/\/www.galeriefriese.de\/en\/wp-json\/wp\/v2\/media\/2610"}],"wp:attachment":[{"href":"https:\/\/www.galeriefriese.de\/en\/wp-json\/wp\/v2\/media?parent=2592"}],"wp:term":[{"taxonomy":"category","embeddable":true,"href":"https:\/\/www.galeriefriese.de\/en\/wp-json\/wp\/v2\/categories?post=2592"},{"taxonomy":"post_tag","embeddable":true,"href":"https:\/\/www.galeriefriese.de\/en\/wp-json\/wp\/v2\/tags?post=2592"}],"curies":[{"name":"wp","href":"https:\/\/api.w.org\/{rel}","templated":true}]}}