{"id":1587,"date":"2023-02-09T15:42:25","date_gmt":"2021-06-15T07:40:18","guid":{"rendered":"https:\/\/www.galeriefriese.de\/via-lewandowsky-biografie-2\/"},"modified":"2023-02-10T14:40:09","modified_gmt":"2023-02-10T13:40:09","slug":"karl-bohrmann-biografie","status":"publish","type":"post","link":"https:\/\/www.galeriefriese.de\/en\/karl-bohrmann-biografie\/","title":{"rendered":"Karl Bohrmann Biografie"},"content":{"rendered":"","protected":false},"excerpt":{"rendered":"","protected":false},"author":1,"featured_media":1589,"comment_status":"closed","ping_status":"closed","sticky":false,"template":"","format":"standard","meta":[],"categories":[9,3],"tags":[],"class_list":["post-1587","post","type-post","status-publish","has-post-thumbnail","hentry","category-biografie","category-kuenstler"],"grid":"{\r\n  \"colCount\": 12,\r\n  \"colGutter\": 1,\r\n  \"rowGutters\": [\r\n    3\r\n  ],\r\n  \"frameMargin\": 5,\r\n  \"topFrameMargin\": 200,\r\n  \"bottomFrameMargin\": 5,\r\n  \"rowAttrs\": [\r\n    {\r\n      \"relid\": 7\r\n    },\r\n    {\r\n      \"relid\": 8\r\n    }\r\n  ],\r\n  \"bgColor\": null,\r\n  \"cont\": [\r\n    {\r\n      \"type\": \"text\",\r\n      \"cont\": \"<p><span style=\\\"font-size: 18px;\\\">KARL BOHRMANN<\/span><\/p>\",\r\n      \"align\": \"top\",\r\n      \"row\": 0,\r\n      \"col\": 2,\r\n      \"colspan\": 2,\r\n      \"offsetx\": 0,\r\n      \"offsety\": 0,\r\n      \"spaceabove\": 0,\r\n      \"spacebelow\": 0,\r\n      \"yvel\": 1,\r\n      \"push\": 2,\r\n      \"relid\": 4,\r\n      \"absolute_position\": false\r\n    },\r\n    {\r\n      \"type\": \"text\",\r\n      \"cont\": \"<p class=\\\"_Default\\\" style=\\\"line-height: 1;\\\"><span style=\\\"font-size: 18px;\\\">Biografie<\/span><\/p><table style=\\\"height: 515px;\\\" border=\\\"0\\\" width=\\\"338\\\"><tbody><tr><td><span style=\\\"font-size: 15px;\\\"><strong>1928<\/strong><\/span><\/td><td>In Mannheim geboren<\/td><\/tr><tr><td><span style=\\\"font-size: 15px;\\\"><strong style=\\\"letter-spacing: 0em; text-indent: 0em; background-color: #ffffff;\\\">1947\u20131948<\/strong><\/span><\/td><td>Studium an der Schule f\u00fcr Kunst und Handwerk Saarbr\u00fccken<\/td><\/tr><tr><td><span style=\\\"font-size: 15px;\\\"><strong style=\\\"letter-spacing: 0em; text-indent: 0em; background-color: #ffffff;\\\">1948-1949<\/strong><\/span><\/td><td><span>Studium an der Staatlichen Akademie der Bildenden K\u00fcnste Stuttgart bei Willi Baumeister<\/span><\/td><\/tr><tr><td><span style=\\\"font-size: 15px;\\\"><strong style=\\\"letter-spacing: 0em; text-indent: 0em; background-color: #ffffff;\\\">1952-1954<\/strong><\/span><\/td><td><span>Stipendium des Landes Rheinland-Pfalz<\/span><\/td><\/tr><tr><td><span style=\\\"font-size: 15px;\\\"><strong style=\\\"letter-spacing: 0em; text-indent: 0em; background-color: #ffffff;\\\">1957<\/strong><\/span><\/td><td>Kunstpreis der Jugend von Baden-W\u00fcrttemberg<\/td><\/tr><tr><td><strong>1958<\/strong><\/td><td>Pfalzpreis<\/td><\/tr><tr><td><span style=\\\"font-size: 15px;\\\"><strong style=\\\"letter-spacing: 0em; text-indent: 0em; background-color: #ffffff;\\\">1959-1972<\/strong><\/span><\/td><td><p>Lebt in M\u00fcnchen<\/p><\/td><\/tr><tr><td><span style=\\\"font-size: 15px;\\\"><strong style=\\\"letter-spacing: 0em; text-indent: 0em; background-color: #ffffff;\\\">1962<\/strong><\/span><\/td><td>F\u00f6rderpreis Rheinland-Pfalz<\/td><\/tr><tr><td><span style=\\\"font-size: 15px;\\\"><strong style=\\\"letter-spacing: 0em; text-indent: 0em; background-color: #ffffff;\\\">1964<\/strong><\/span><\/td><td>Premio Lugano<\/td><\/tr><tr><td><strong>1969<\/strong><\/td><td>Deutscher Preis der Mostra Biennale Internazionale della Grafica, Florenz<\/td><\/tr><tr><td><strong>1972-1980<\/strong><\/td><td>Lebt in Frankfurt a.M. und Amsterdam. Lehrer an der St\u00e4delschule\/Staatlichen Hochschule f\u00fcr Bildende K\u00fcnste, Frankfurt a.M., und Leiter der St\u00e4del Abendschule<\/td><\/tr><tr><td><strong>1976<\/strong><\/td><td>Kunstpreis Rheinland-Pfalz<\/td><\/tr><tr><td><strong>1977<\/strong><\/td><td>Teilnahme documenta 6, Kassel<\/td><\/tr><tr><td><strong>1980-1998<\/strong><\/td><td><p><span style=\\\"text-indent: 0em; font-family: inherit; font-size: inherit; letter-spacing: 0em;\\\">Lebt in Amsterdam und K\u00f6ln<\/span><\/p><\/td><\/tr><tr><td><strong>1982<\/strong><\/td><td>Villa Romana Stipendium, Florenz<\/td><\/tr><tr><td><strong>1984<\/strong><\/td><td>Ehrengast in der Villa Massimo, Rom<\/td><\/tr><tr><td><strong>1985<\/strong><\/td><td>Mitglied der Bayerischen Akademie der Sch\u00f6nen K\u00fcnste, M\u00fcnchen<\/td><\/tr><tr><td><strong>1987<\/strong><\/td><td>Kunstpreis der K\u00fcnstler, D\u00fcsseldorf<\/td><\/tr><tr><td><strong>1998<\/strong><\/td><td>In K\u00f6ln gestorben<\/td><\/tr><\/tbody><\/table>\",\r\n      \"align\": \"top\",\r\n      \"row\": 1,\r\n      \"col\": 2,\r\n      \"colspan\": 4,\r\n      \"offsetx\": 0,\r\n      \"offsety\": 0,\r\n      \"spaceabove\": 0,\r\n      \"spacebelow\": 0,\r\n      \"yvel\": 1,\r\n      \"push\": 2,\r\n      \"relid\": 5,\r\n      \"absolute_position\": false\r\n    },\r\n    {\r\n      \"type\": \"text\",\r\n      \"cont\": \"<p><span style=\\\"font-size: 18px;\\\">Einzelausstellungen (Auswahl)<\/span><\/p><p><strong>2019\u00a0<\/strong>Karl Bohrmann. Zeichnungen, Collagen, Werke auf Nessel. 1963-1998, Galerie Koch, Hannover <strong>2017<\/strong> Arbeiten auf Papier, Galerie Friese, Berlin <strong>2016<\/strong> In der Luft. Karl Bohrmann. Zeichnungen und Collagen 1978-1998, Bayrischen Akademie der Sch\u00f6nen K\u00fcnste, M\u00fcnchen <strong>2015<\/strong> Karl Bohrmann. Werkgruppen der 1980er und 90er Jahre, Karl &amp; Faber, M\u00fcnchen in Zusammenarbeit mit Galerie Fred Jahn, M\u00fcnchen <strong>2013<\/strong> Summer Group Show, Galerie Heinz Holtmann, K\u00f6ln <strong>2011<\/strong> Prinzip Collage. Zerst\u00fcckte Welt - geklebt, gerissen, verbunden und montiert, Galerie Netuschil, Darmstadt<strong> 2008<\/strong> Galerie Friese, Stuttgart <strong>2006<\/strong> Staatliche Graphische Sammlung, Pinakothek der Moderne, M\u00fcnchen <strong>1997<\/strong> Stiftung Museum Schloss Moyland, Sammlung van der Grinsen, Joseph Beuys Archiv des Landes Nordrhein-Westfalen, Bedburg-Hau <strong>1992<\/strong> Galerie Ham, Nagoya <strong>1990<\/strong> Galerie Aschenbach, Amsterdam <strong>1988<\/strong> Mittelrheinisches Landesmuseum, Mainz <strong>1981<\/strong> St\u00e4dtische Kunsthalle Mannheim <strong>1971<\/strong> Galleria dell'Incisione, Mailand <strong>1954<\/strong> Graphisches Kabinett Grisebach, Heidelberg<\/p><p><span style=\\\"font-size: 18px;\\\">Gruppenausstellungen (Auswahl)<\/span><\/p><p><strong>2016<\/strong> Interim 2016 \/ 2017, Galerie Fred Jahn, M\u00fcnchen <strong>2013<\/strong> Karl Bohrmann &amp; Horst Janssen, Galerie pro arte, Freiburg <strong>2010<\/strong> Landschaften, Karl &amp; Faber in Zusammenarbeit mit Galerie Fred Jahn, M\u00fcnchen <strong>2009<\/strong> Mach' keine Oper, Freunde und F\u00f6rderer des Museums der Stadt Ratingen <strong>2008<\/strong> Wasser, Farbe, Licht. Aquarelle der Graphischen Sammlung, St\u00e4del Museum, Frankfurt a.M. <strong>2007<\/strong> Drawings, Galerie Kl\u00fcser 2, M\u00fcnchen <strong>2002<\/strong> Internationale Kunst und wesentliche Kunststr\u00f6mungen ab 1945, St\u00e4dtische Galerie Erlangen, Palais Stutterheim, Erlangen <strong>2001<\/strong> Der Zwang der Wiederholung, Mus\u00e9e Cantonal des Beaux Arts, Festival Tibor Varga, ehemaliges Gef\u00e4ngnis Sion <strong>2000<\/strong> Landschaft eines Jahrhunderts. Sammlung Deutsche Bank, Museum Moderner Kunst, Stiftung M\u00f6rlen, Passau <strong>1993<\/strong> Collage in Deutschland 1950, Kunstverein Speyer<strong> 1977<\/strong> documenta 6, Kassel <strong>1969<\/strong> Mostra Biennale Internazionale della Gracia, Palazzo Strozzi, Florenz <strong>1967<\/strong> Eight Young German Artists, USA <strong>1966<\/strong> 7 J\u00f3venes Dibujantes Alemannen, Caracas<\/p>\",\r\n      \"align\": \"top\",\r\n      \"row\": 1,\r\n      \"col\": 7,\r\n      \"colspan\": 5,\r\n      \"offsetx\": 0,\r\n      \"offsety\": 0,\r\n      \"spaceabove\": 0,\r\n      \"spacebelow\": 0,\r\n      \"yvel\": 1,\r\n      \"push\": 1,\r\n      \"relid\": 6,\r\n      \"absolute_position\": false\r\n    }\r\n  ]\r\n}","phonegrid":"","_links":{"self":[{"href":"https:\/\/www.galeriefriese.de\/en\/wp-json\/wp\/v2\/posts\/1587","targetHints":{"allow":["GET"]}}],"collection":[{"href":"https:\/\/www.galeriefriese.de\/en\/wp-json\/wp\/v2\/posts"}],"about":[{"href":"https:\/\/www.galeriefriese.de\/en\/wp-json\/wp\/v2\/types\/post"}],"author":[{"embeddable":true,"href":"https:\/\/www.galeriefriese.de\/en\/wp-json\/wp\/v2\/users\/1"}],"replies":[{"embeddable":true,"href":"https:\/\/www.galeriefriese.de\/en\/wp-json\/wp\/v2\/comments?post=1587"}],"version-history":[{"count":0,"href":"https:\/\/www.galeriefriese.de\/en\/wp-json\/wp\/v2\/posts\/1587\/revisions"}],"wp:featuredmedia":[{"embeddable":true,"href":"https:\/\/www.galeriefriese.de\/en\/wp-json\/wp\/v2\/media\/1589"}],"wp:attachment":[{"href":"https:\/\/www.galeriefriese.de\/en\/wp-json\/wp\/v2\/media?parent=1587"}],"wp:term":[{"taxonomy":"category","embeddable":true,"href":"https:\/\/www.galeriefriese.de\/en\/wp-json\/wp\/v2\/categories?post=1587"},{"taxonomy":"post_tag","embeddable":true,"href":"https:\/\/www.galeriefriese.de\/en\/wp-json\/wp\/v2\/tags?post=1587"}],"curies":[{"name":"wp","href":"https:\/\/api.w.org\/{rel}","templated":true}]}}