{"id":150,"date":"2021-05-10T10:47:51","date_gmt":"2021-04-14T14:21:41","guid":{"rendered":"http:\/\/test.studio069.com\/claire-de-santa-coloma-inner-2\/"},"modified":"2023-07-25T11:24:19","modified_gmt":"2023-07-25T09:24:19","slug":"claire-de-santa-coloma-inner","status":"publish","type":"post","link":"https:\/\/www.galeriefriese.de\/en\/claire-de-santa-coloma-inner\/","title":{"rendered":"INNER"},"content":{"rendered":"","protected":false},"excerpt":{"rendered":"","protected":false},"author":1,"featured_media":57,"comment_status":"closed","ping_status":"closed","sticky":false,"template":"","format":"standard","meta":[],"categories":[4],"tags":[],"class_list":["post-150","post","type-post","status-publish","has-post-thumbnail","hentry","category-ausstellung"],"grid":"{\r\n  \"colCount\": 12,\r\n  \"colGutter\": 1,\r\n  \"rowGutters\": [\r\n    8,\r\n    5,\r\n    5\r\n  ],\r\n  \"frameMargin\": 5,\r\n  \"topFrameMargin\": 200,\r\n  \"bottomFrameMargin\": 5,\r\n  \"rowAttrs\": [\r\n    {\r\n      \"relid\": 1\r\n    },\r\n    {\r\n      \"relid\": 2\r\n    },\r\n    {\r\n      \"relid\": 3\r\n    },\r\n    {\r\n      \"relid\": 11\r\n    }\r\n  ],\r\n  \"bgColor\": null,\r\n  \"cont\": [\r\n    {\r\n      \"type\": \"carousel\",\r\n      \"cont\": \"\",\r\n      \"align\": \"top\",\r\n      \"row\": 0,\r\n      \"col\": 0,\r\n      \"colspan\": 8,\r\n      \"offsetx\": 0,\r\n      \"offsety\": 0,\r\n      \"spaceabove\": 0,\r\n      \"spacebelow\": 0,\r\n      \"yvel\": 1,\r\n      \"push\": 0,\r\n      \"relid\": 225,\r\n      \"carousel_options\": {\r\n        \"random\": false,\r\n        \"autoplay\": false,\r\n        \"showMultipleSlides\": false,\r\n        \"freeScroll\": false,\r\n        \"size\": \"aspectRatioOfFirstElement\",\r\n        \"slidesWidth\": \"null\",\r\n        \"transition\": \"sliding\",\r\n        \"loop\": \"1\",\r\n        \"spaceBetween\": 0\r\n      },\r\n      \"carousel\": [\r\n        {\r\n          \"type\": \"img\",\r\n          \"attid\": 147,\r\n          \"cont\": \"\/wp-content\/uploads\/2021\/05\/Claire-Santa-Coloma-Galerie-Friese.jpg\",\r\n          \"sizes\": {\r\n            \"full\": \"\/wp-content\/uploads\/2021\/05\/Claire-Santa-Coloma-Galerie-Friese.jpg\",\r\n            \"_2560\": \"\/wp-content\/uploads\/2021\/05\/Claire-Santa-Coloma-Galerie-Friese-2560x1655.jpg\",\r\n            \"_1920\": \"\/wp-content\/uploads\/2021\/05\/Claire-Santa-Coloma-Galerie-Friese-1920x1242.jpg\",\r\n            \"_1280\": \"\/wp-content\/uploads\/2021\/05\/Claire-Santa-Coloma-Galerie-Friese-1280x828.jpg\",\r\n            \"_1024\": \"\/wp-content\/uploads\/2021\/05\/Claire-Santa-Coloma-Galerie-Friese-1024x662.jpg\",\r\n            \"_768\": \"\/wp-content\/uploads\/2021\/05\/Claire-Santa-Coloma-Galerie-Friese-768x497.jpg\",\r\n            \"_512\": \"\/wp-content\/uploads\/2021\/05\/Claire-Santa-Coloma-Galerie-Friese-512x331.jpg\",\r\n            \"_265\": \"\/wp-content\/uploads\/2021\/05\/Claire-Santa-Coloma-Galerie-Friese-265x171.jpg\"\r\n          },\r\n          \"w\": 3000,\r\n          \"h\": 1940,\r\n          \"ar\": 0.6466666666666666,\r\n          \"alt\": \"\"\r\n        },\r\n        {\r\n          \"type\": \"img\",\r\n          \"attid\": 151,\r\n          \"cont\": \"\/wp-content\/uploads\/2021\/05\/G_F-41506.jpg\",\r\n          \"sizes\": {\r\n            \"full\": \"\/wp-content\/uploads\/2021\/05\/G_F-41506.jpg\",\r\n            \"_2560\": \"\/wp-content\/uploads\/2021\/05\/G_F-41506-2560x1920.jpg\",\r\n            \"_1920\": \"\/wp-content\/uploads\/2021\/05\/G_F-41506-1920x1440.jpg\",\r\n            \"_1280\": \"\/wp-content\/uploads\/2021\/05\/G_F-41506-1280x960.jpg\",\r\n            \"_1024\": \"\/wp-content\/uploads\/2021\/05\/G_F-41506-1024x768.jpg\",\r\n            \"_768\": \"\/wp-content\/uploads\/2021\/05\/G_F-41506-768x576.jpg\",\r\n            \"_512\": \"\/wp-content\/uploads\/2021\/05\/G_F-41506-512x384.jpg\",\r\n            \"_265\": \"\/wp-content\/uploads\/2021\/05\/G_F-41506-265x199.jpg\"\r\n          },\r\n          \"w\": 3000,\r\n          \"h\": 2250,\r\n          \"ar\": 0.75,\r\n          \"alt\": \"\"\r\n        },\r\n        {\r\n          \"type\": \"img\",\r\n          \"attid\": 100,\r\n          \"cont\": \"\/wp-content\/uploads\/2021\/04\/CSC_S_1.001.L.jpg\",\r\n          \"sizes\": {\r\n            \"full\": \"\/wp-content\/uploads\/2021\/04\/CSC_S_1.001.L.jpg\",\r\n            \"_1920\": \"\/wp-content\/uploads\/2021\/04\/CSC_S_1.001.L-1920x2880.jpg\",\r\n            \"_1280\": \"\/wp-content\/uploads\/2021\/04\/CSC_S_1.001.L-1280x1920.jpg\",\r\n            \"_1024\": \"\/wp-content\/uploads\/2021\/04\/CSC_S_1.001.L-1024x1536.jpg\",\r\n            \"_768\": \"\/wp-content\/uploads\/2021\/04\/CSC_S_1.001.L-768x1152.jpg\",\r\n            \"_512\": \"\/wp-content\/uploads\/2021\/04\/CSC_S_1.001.L-512x768.jpg\",\r\n            \"_265\": \"\/wp-content\/uploads\/2021\/04\/CSC_S_1.001.L-265x398.jpg\"\r\n          },\r\n          \"w\": 2000,\r\n          \"h\": 3000,\r\n          \"ar\": 1.5,\r\n          \"alt\": \"\",\r\n          \"caption\": \"\"\r\n        },\r\n        {\r\n          \"type\": \"img\",\r\n          \"attid\": 101,\r\n          \"cont\": \"\/wp-content\/uploads\/2021\/04\/CSC_S_2.001.L.jpg\",\r\n          \"sizes\": {\r\n            \"full\": \"\/wp-content\/uploads\/2021\/04\/CSC_S_2.001.L.jpg\",\r\n            \"_2560\": \"\/wp-content\/uploads\/2021\/04\/CSC_S_2.001.L-2560x1707.jpg\",\r\n            \"_1920\": \"\/wp-content\/uploads\/2021\/04\/CSC_S_2.001.L-1920x1280.jpg\",\r\n            \"_1280\": \"\/wp-content\/uploads\/2021\/04\/CSC_S_2.001.L-1280x853.jpg\",\r\n            \"_1024\": \"\/wp-content\/uploads\/2021\/04\/CSC_S_2.001.L-1024x683.jpg\",\r\n            \"_768\": \"\/wp-content\/uploads\/2021\/04\/CSC_S_2.001.L-768x512.jpg\",\r\n            \"_512\": \"\/wp-content\/uploads\/2021\/04\/CSC_S_2.001.L-512x341.jpg\",\r\n            \"_265\": \"\/wp-content\/uploads\/2021\/04\/CSC_S_2.001.L-265x177.jpg\"\r\n          },\r\n          \"w\": 3000,\r\n          \"h\": 2000,\r\n          \"ar\": 0.6666666666666666,\r\n          \"alt\": \"\",\r\n          \"caption\": \"\"\r\n        },\r\n        {\r\n          \"type\": \"img\",\r\n          \"attid\": 102,\r\n          \"cont\": \"\/wp-content\/uploads\/2021\/04\/CSC_S_6.001.L.jpg\",\r\n          \"sizes\": {\r\n            \"full\": \"\/wp-content\/uploads\/2021\/04\/CSC_S_6.001.L.jpg\",\r\n            \"_2560\": \"\/wp-content\/uploads\/2021\/04\/CSC_S_6.001.L-2560x1707.jpg\",\r\n            \"_1920\": \"\/wp-content\/uploads\/2021\/04\/CSC_S_6.001.L-1920x1280.jpg\",\r\n            \"_1280\": \"\/wp-content\/uploads\/2021\/04\/CSC_S_6.001.L-1280x853.jpg\",\r\n            \"_1024\": \"\/wp-content\/uploads\/2021\/04\/CSC_S_6.001.L-1024x683.jpg\",\r\n            \"_768\": \"\/wp-content\/uploads\/2021\/04\/CSC_S_6.001.L-768x512.jpg\",\r\n            \"_512\": \"\/wp-content\/uploads\/2021\/04\/CSC_S_6.001.L-512x341.jpg\",\r\n            \"_265\": \"\/wp-content\/uploads\/2021\/04\/CSC_S_6.001.L-265x177.jpg\"\r\n          },\r\n          \"w\": 3000,\r\n          \"h\": 2000,\r\n          \"ar\": 0.6666666666666666,\r\n          \"alt\": \"\",\r\n          \"caption\": \"\"\r\n        }\r\n      ]\r\n    },\r\n    {\r\n      \"type\": \"text\",\r\n      \"cont\": \"<p><span style=\\\"font-size: 18px;\\\">INNER<br \/><\/span><a href=\\\"https:\/\/www.galeriefriese.de\/claire-de-santa-coloma\/\\\" data-type=\\\"project\\\" data-id=\\\"233\\\" data-title=\\\"Claire de Santa Coloma\\\" data-catid=\\\"[3]\\\"><span style=\\\"font-size: 18px;\\\">Claire de Santa Coloma<\/span><\/a><\/p><p class=\\\"_Default\\\"><span style=\\\"font-size: 18px;\\\">28. April \u2013 27. Juni 2021<\/span><\/p><p>Weit hinten, hinter den Wortbergen, fern der L\u00e4nder Vokalien und Konsonantien leben die Blindtexte. Abgeschieden wohnen sie in Buchstabhausen an der K\u00fcste des Semantik, eines gro\u00dfen Sprachozeans. Ein kleines B\u00e4chlein namens Duden flie\u00dft durch ihren Ort und versorgt sie mit den n\u00f6tigen Regelialien. Es ist ein paradiesmatisches Land, in dem einem gebratene Satzteile in den Mund fliegen.<\/p><p>\u00a0<\/p><p>\u00a0<\/p>\",\r\n      \"align\": \"top\",\r\n      \"row\": 0,\r\n      \"col\": 9,\r\n      \"colspan\": 3,\r\n      \"offsetx\": 0,\r\n      \"offsety\": 0,\r\n      \"spaceabove\": 0,\r\n      \"spacebelow\": 0,\r\n      \"yvel\": 1,\r\n      \"push\": 1,\r\n      \"relid\": 4,\r\n      \"frameOverflow\": \"\"\r\n    },\r\n    {\r\n      \"type\": \"text\",\r\n      \"cont\": \"<p><a href=\\\"https:\/\/www.galeriefriese.de\/claire-de-santa-coloma\/\\\" data-type=\\\"project\\\" data-id=\\\"233\\\" data-title=\\\"Claire de Santa Coloma\\\" data-catid=\\\"[3]\\\"><span style=\\\"font-size: 18px;\\\">WERKE<\/span><\/a><\/p>\",\r\n      \"align\": \"top\",\r\n      \"row\": 1,\r\n      \"col\": 9,\r\n      \"colspan\": 2,\r\n      \"offsetx\": 0,\r\n      \"offsety\": 0,\r\n      \"spaceabove\": 0,\r\n      \"spacebelow\": 0,\r\n      \"yvel\": 1,\r\n      \"push\": 9,\r\n      \"relid\": 10\r\n    },\r\n    {\r\n      \"type\": \"video\",\r\n      \"cont\": \"https:\/\/i.vimeocdn.com\/video\/1135402240_640\",\r\n      \"align\": \"top\",\r\n      \"row\": 2,\r\n      \"col\": 0,\r\n      \"colspan\": 8,\r\n      \"offsetx\": 0,\r\n      \"offsety\": 0,\r\n      \"spaceabove\": 0,\r\n      \"spacebelow\": 0,\r\n      \"yvel\": 1,\r\n      \"push\": 0,\r\n      \"relid\": 6,\r\n      \"iframe\": \"<iframe src=\\\"\/\/player.vimeo.com\/video\/548376788?api=1&title=0&amp;byline=0&amp;portrait=0&amp;color=ffffff\\\" width=\\\"640\\\" height=\\\"360\\\" frameborder=\\\"0\\\" webkitallowfullscreen mozallowfullscreen allowfullscreen><\/iframe>\",\r\n      \"url\": \"https:\/\/vimeo.com\/548376788\",\r\n      \"w\": 640,\r\n      \"h\": 360,\r\n      \"ar\": 0.5625,\r\n      \"frameOverflow\": \"\"\r\n    },\r\n    {\r\n      \"type\": \"text\",\r\n      \"cont\": \"<p><span style=\\\"font-size: 18px;\\\">AUSSTELLUNGSVIDEO<\/span><\/p>\",\r\n      \"align\": \"top\",\r\n      \"row\": 2,\r\n      \"col\": 9,\r\n      \"colspan\": 2,\r\n      \"offsetx\": 0,\r\n      \"offsety\": 0,\r\n      \"spaceabove\": 0,\r\n      \"spacebelow\": 0,\r\n      \"yvel\": 1,\r\n      \"push\": 1,\r\n      \"relid\": 9\r\n    },\r\n    {\r\n      \"type\": \"text\",\r\n      \"cont\": \"<p style=\\\"text-align: right;\\\"><span style=\\\"font-size: 18px;\\\">Ein Aussstellungsprojekt gef\u00f6rdert von<\/span><\/p>\",\r\n      \"align\": \"middle\",\r\n      \"row\": 3,\r\n      \"col\": 6,\r\n      \"colspan\": 3,\r\n      \"offsetx\": 0,\r\n      \"offsety\": 0,\r\n      \"spaceabove\": 0,\r\n      \"spacebelow\": 0,\r\n      \"yvel\": 1,\r\n      \"push\": 6,\r\n      \"relid\": 5,\r\n      \"frameOverflow\": \"\"\r\n    },\r\n    {\r\n      \"type\": \"img\",\r\n      \"cont\": \"\/wp-content\/uploads\/2021\/05\/KF-Logo_monochrom.jpg\",\r\n      \"align\": \"middle\",\r\n      \"row\": 3,\r\n      \"col\": 9,\r\n      \"colspan\": 2,\r\n      \"offsetx\": 0,\r\n      \"offsety\": 0,\r\n      \"spaceabove\": 0,\r\n      \"spacebelow\": 0,\r\n      \"yvel\": 1,\r\n      \"push\": 0,\r\n      \"relid\": 5958,\r\n      \"attid\": 1260,\r\n      \"sizes\": {\r\n        \"full\": \"\/wp-content\/uploads\/2021\/05\/KF-Logo_monochrom.jpg\",\r\n        \"_1920\": \"\/wp-content\/uploads\/2021\/05\/KF-Logo_monochrom-1920x267.jpg\",\r\n        \"_1280\": \"\/wp-content\/uploads\/2021\/05\/KF-Logo_monochrom-1280x178.jpg\",\r\n        \"_1024\": \"\/wp-content\/uploads\/2021\/05\/KF-Logo_monochrom-1024x142.jpg\",\r\n        \"_768\": \"\/wp-content\/uploads\/2021\/05\/KF-Logo_monochrom-768x107.jpg\",\r\n        \"_512\": \"\/wp-content\/uploads\/2021\/05\/KF-Logo_monochrom-512x71.jpg\",\r\n        \"_265\": \"\/wp-content\/uploads\/2021\/05\/KF-Logo_monochrom-265x37.jpg\"\r\n      },\r\n      \"w\": 1938,\r\n      \"h\": 269,\r\n      \"ar\": 0.1388028895768834,\r\n      \"alt\": \"\",\r\n      \"lightboxoff\": true\r\n    },\r\n    {\r\n      \"type\": \"img\",\r\n      \"cont\": \"\/wp-content\/uploads\/2021\/05\/92cd8fc30b014b97e335a539f6518dddslK4sJk29jOakBfd-0.jpg\",\r\n      \"align\": \"middle\",\r\n      \"row\": 3,\r\n      \"col\": 11,\r\n      \"colspan\": 1,\r\n      \"offsetx\": 0,\r\n      \"offsety\": 0,\r\n      \"spaceabove\": 0,\r\n      \"spacebelow\": 0,\r\n      \"yvel\": 1,\r\n      \"push\": 0,\r\n      \"relid\": 5957,\r\n      \"attid\": 1259,\r\n      \"sizes\": {\r\n        \"full\": \"\/wp-content\/uploads\/2021\/05\/92cd8fc30b014b97e335a539f6518dddslK4sJk29jOakBfd-0.jpg\",\r\n        \"_1280\": \"\/wp-content\/uploads\/2021\/05\/92cd8fc30b014b97e335a539f6518dddslK4sJk29jOakBfd-0-1280x1253.jpg\",\r\n        \"_1024\": \"\/wp-content\/uploads\/2021\/05\/92cd8fc30b014b97e335a539f6518dddslK4sJk29jOakBfd-0-1024x1002.jpg\",\r\n        \"_768\": \"\/wp-content\/uploads\/2021\/05\/92cd8fc30b014b97e335a539f6518dddslK4sJk29jOakBfd-0-768x752.jpg\",\r\n        \"_512\": \"\/wp-content\/uploads\/2021\/05\/92cd8fc30b014b97e335a539f6518dddslK4sJk29jOakBfd-0-512x501.jpg\",\r\n        \"_265\": \"\/wp-content\/uploads\/2021\/05\/92cd8fc30b014b97e335a539f6518dddslK4sJk29jOakBfd-0-265x259.jpg\"\r\n      },\r\n      \"w\": 1323,\r\n      \"h\": 1295,\r\n      \"ar\": 0.9788359788359788,\r\n      \"alt\": \"\",\r\n      \"lightboxoff\": true\r\n    }\r\n  ]\r\n}","phonegrid":"{\r\n  \"colCount\": 12,\r\n  \"colGutter\": 1,\r\n  \"rowGutters\": [\r\n    5,\r\n    5,\r\n    5,\r\n    5,\r\n    5,\r\n    5,\r\n    5,\r\n    5\r\n  ],\r\n  \"frameMargin\": 5,\r\n  \"topFrameMargin\": 20,\r\n  \"bottomFrameMargin\": 5,\r\n  \"rowAttrs\": [\r\n    {\r\n      \"relid\": 12\r\n    },\r\n    {\r\n      \"relid\": 13\r\n    },\r\n    {\r\n      \"relid\": 14\r\n    },\r\n    {\r\n      \"relid\": 15\r\n    },\r\n    {\r\n      \"relid\": 16\r\n    },\r\n    {\r\n      \"relid\": 17\r\n    },\r\n    {\r\n      \"relid\": 18\r\n    },\r\n    {\r\n      \"relid\": 19\r\n    },\r\n    {\r\n      \"relid\": 20\r\n    }\r\n  ],\r\n  \"bgColor\": null,\r\n  \"cont\": [\r\n    {\r\n      \"type\": \"carousel\",\r\n      \"cont\": \"\",\r\n      \"align\": \"bottom\",\r\n      \"row\": 0,\r\n      \"col\": 0,\r\n      \"colspan\": 12,\r\n      \"offsetx\": 0,\r\n      \"offsety\": 0,\r\n      \"spaceabove\": 0,\r\n      \"spacebelow\": 0,\r\n      \"yvel\": 1,\r\n      \"push\": 0,\r\n      \"relid\": 225,\r\n      \"carousel_options\": {\r\n        \"random\": false,\r\n        \"autoplay\": false,\r\n        \"showMultipleSlides\": false,\r\n        \"freeScroll\": false,\r\n        \"size\": \"aspectRatioOfFirstElement\",\r\n        \"slidesWidth\": \"null\",\r\n        \"transition\": \"sliding\",\r\n        \"loop\": \"1\",\r\n        \"spaceBetween\": 0\r\n      },\r\n      \"carousel\": [\r\n        {\r\n          \"type\": \"img\",\r\n          \"attid\": 147,\r\n          \"cont\": \"\/wp-content\/uploads\/2021\/05\/Claire-Santa-Coloma-Galerie-Friese.jpg\",\r\n          \"sizes\": {\r\n            \"full\": \"\/wp-content\/uploads\/2021\/05\/Claire-Santa-Coloma-Galerie-Friese.jpg\",\r\n            \"_2560\": \"\/wp-content\/uploads\/2021\/05\/Claire-Santa-Coloma-Galerie-Friese-2560x1655.jpg\",\r\n            \"_1920\": \"\/wp-content\/uploads\/2021\/05\/Claire-Santa-Coloma-Galerie-Friese-1920x1242.jpg\",\r\n            \"_1280\": \"\/wp-content\/uploads\/2021\/05\/Claire-Santa-Coloma-Galerie-Friese-1280x828.jpg\",\r\n            \"_1024\": \"\/wp-content\/uploads\/2021\/05\/Claire-Santa-Coloma-Galerie-Friese-1024x662.jpg\",\r\n            \"_768\": \"\/wp-content\/uploads\/2021\/05\/Claire-Santa-Coloma-Galerie-Friese-768x497.jpg\",\r\n            \"_512\": \"\/wp-content\/uploads\/2021\/05\/Claire-Santa-Coloma-Galerie-Friese-512x331.jpg\",\r\n            \"_265\": \"\/wp-content\/uploads\/2021\/05\/Claire-Santa-Coloma-Galerie-Friese-265x171.jpg\"\r\n          },\r\n          \"w\": 3000,\r\n          \"h\": 1940,\r\n          \"ar\": 0.6466666666666666,\r\n          \"alt\": \"\"\r\n        },\r\n        {\r\n          \"type\": \"img\",\r\n          \"attid\": 151,\r\n          \"cont\": \"\/wp-content\/uploads\/2021\/05\/G_F-41506.jpg\",\r\n          \"sizes\": {\r\n            \"full\": \"\/wp-content\/uploads\/2021\/05\/G_F-41506.jpg\",\r\n            \"_2560\": \"\/wp-content\/uploads\/2021\/05\/G_F-41506-2560x1920.jpg\",\r\n            \"_1920\": \"\/wp-content\/uploads\/2021\/05\/G_F-41506-1920x1440.jpg\",\r\n            \"_1280\": \"\/wp-content\/uploads\/2021\/05\/G_F-41506-1280x960.jpg\",\r\n            \"_1024\": \"\/wp-content\/uploads\/2021\/05\/G_F-41506-1024x768.jpg\",\r\n            \"_768\": \"\/wp-content\/uploads\/2021\/05\/G_F-41506-768x576.jpg\",\r\n            \"_512\": \"\/wp-content\/uploads\/2021\/05\/G_F-41506-512x384.jpg\",\r\n            \"_265\": \"\/wp-content\/uploads\/2021\/05\/G_F-41506-265x199.jpg\"\r\n          },\r\n          \"w\": 3000,\r\n          \"h\": 2250,\r\n          \"ar\": 0.75,\r\n          \"alt\": \"\"\r\n        },\r\n        {\r\n          \"type\": \"img\",\r\n          \"attid\": 100,\r\n          \"cont\": \"\/wp-content\/uploads\/2021\/04\/CSC_S_1.001.L.jpg\",\r\n          \"sizes\": {\r\n            \"full\": \"\/wp-content\/uploads\/2021\/04\/CSC_S_1.001.L.jpg\",\r\n            \"_1920\": \"\/wp-content\/uploads\/2021\/04\/CSC_S_1.001.L-1920x2880.jpg\",\r\n            \"_1280\": \"\/wp-content\/uploads\/2021\/04\/CSC_S_1.001.L-1280x1920.jpg\",\r\n            \"_1024\": \"\/wp-content\/uploads\/2021\/04\/CSC_S_1.001.L-1024x1536.jpg\",\r\n            \"_768\": \"\/wp-content\/uploads\/2021\/04\/CSC_S_1.001.L-768x1152.jpg\",\r\n            \"_512\": \"\/wp-content\/uploads\/2021\/04\/CSC_S_1.001.L-512x768.jpg\",\r\n            \"_265\": \"\/wp-content\/uploads\/2021\/04\/CSC_S_1.001.L-265x398.jpg\"\r\n          },\r\n          \"w\": 2000,\r\n          \"h\": 3000,\r\n          \"ar\": 1.5,\r\n          \"alt\": \"\",\r\n          \"caption\": \"\"\r\n        },\r\n        {\r\n          \"type\": \"img\",\r\n          \"attid\": 101,\r\n          \"cont\": \"\/wp-content\/uploads\/2021\/04\/CSC_S_2.001.L.jpg\",\r\n          \"sizes\": {\r\n            \"full\": \"\/wp-content\/uploads\/2021\/04\/CSC_S_2.001.L.jpg\",\r\n            \"_2560\": \"\/wp-content\/uploads\/2021\/04\/CSC_S_2.001.L-2560x1707.jpg\",\r\n            \"_1920\": \"\/wp-content\/uploads\/2021\/04\/CSC_S_2.001.L-1920x1280.jpg\",\r\n            \"_1280\": \"\/wp-content\/uploads\/2021\/04\/CSC_S_2.001.L-1280x853.jpg\",\r\n            \"_1024\": \"\/wp-content\/uploads\/2021\/04\/CSC_S_2.001.L-1024x683.jpg\",\r\n            \"_768\": \"\/wp-content\/uploads\/2021\/04\/CSC_S_2.001.L-768x512.jpg\",\r\n            \"_512\": \"\/wp-content\/uploads\/2021\/04\/CSC_S_2.001.L-512x341.jpg\",\r\n            \"_265\": \"\/wp-content\/uploads\/2021\/04\/CSC_S_2.001.L-265x177.jpg\"\r\n          },\r\n          \"w\": 3000,\r\n          \"h\": 2000,\r\n          \"ar\": 0.6666666666666666,\r\n          \"alt\": \"\",\r\n          \"caption\": \"\"\r\n        },\r\n        {\r\n          \"type\": \"img\",\r\n          \"attid\": 102,\r\n          \"cont\": \"\/wp-content\/uploads\/2021\/04\/CSC_S_6.001.L.jpg\",\r\n          \"sizes\": {\r\n            \"full\": \"\/wp-content\/uploads\/2021\/04\/CSC_S_6.001.L.jpg\",\r\n            \"_2560\": \"\/wp-content\/uploads\/2021\/04\/CSC_S_6.001.L-2560x1707.jpg\",\r\n            \"_1920\": \"\/wp-content\/uploads\/2021\/04\/CSC_S_6.001.L-1920x1280.jpg\",\r\n            \"_1280\": \"\/wp-content\/uploads\/2021\/04\/CSC_S_6.001.L-1280x853.jpg\",\r\n            \"_1024\": \"\/wp-content\/uploads\/2021\/04\/CSC_S_6.001.L-1024x683.jpg\",\r\n            \"_768\": \"\/wp-content\/uploads\/2021\/04\/CSC_S_6.001.L-768x512.jpg\",\r\n            \"_512\": \"\/wp-content\/uploads\/2021\/04\/CSC_S_6.001.L-512x341.jpg\",\r\n            \"_265\": \"\/wp-content\/uploads\/2021\/04\/CSC_S_6.001.L-265x177.jpg\"\r\n          },\r\n          \"w\": 3000,\r\n          \"h\": 2000,\r\n          \"ar\": 0.6666666666666666,\r\n          \"alt\": \"\",\r\n          \"caption\": \"\"\r\n        }\r\n      ]\r\n    },\r\n    {\r\n      \"type\": \"text\",\r\n      \"cont\": \"<p><span style=\\\"font-size: 18px;\\\">INNER<br \/><\/span><a href=\\\"https:\/\/www.galeriefriese.de\/claire-de-santa-coloma\/\\\" data-type=\\\"project\\\" data-id=\\\"233\\\" data-title=\\\"Claire de Santa Coloma\\\" data-catid=\\\"[3]\\\"><span style=\\\"font-size: 18px;\\\">Claire de Santa Coloma<\/span><\/a><\/p><p class=\\\"_Default\\\"><span style=\\\"font-size: 18px;\\\">28. April \u2013 27. Juni 2021<\/span><\/p><p>Weit hinten, hinter den Wortbergen, fern der L\u00e4nder Vokalien und Konsonantien leben die Blindtexte. Abgeschieden wohnen sie in Buchstabhausen an der K\u00fcste des Semantik, eines gro\u00dfen Sprachozeans. Ein kleines B\u00e4chlein namens Duden flie\u00dft durch ihren Ort und versorgt sie mit den n\u00f6tigen Regelialien. Es ist ein paradiesmatisches Land, in dem einem gebratene Satzteile in den Mund fliegen.<\/p><p>\u00a0<\/p><p>\u00a0<\/p>\",\r\n      \"align\": \"bottom\",\r\n      \"row\": 1,\r\n      \"col\": 0,\r\n      \"colspan\": 12,\r\n      \"offsetx\": 0,\r\n      \"offsety\": 0,\r\n      \"spaceabove\": 0,\r\n      \"spacebelow\": 0,\r\n      \"yvel\": 1,\r\n      \"push\": 0,\r\n      \"relid\": 4,\r\n      \"frameOverflow\": \"\"\r\n    },\r\n    {\r\n      \"type\": \"text\",\r\n      \"cont\": \"<p><a href=\\\"https:\/\/www.galeriefriese.de\/claire-de-santa-coloma\/\\\" data-type=\\\"project\\\" data-id=\\\"233\\\" data-title=\\\"Claire de Santa Coloma\\\" data-catid=\\\"[3]\\\"><span style=\\\"font-size: 18px;\\\">WERKE<\/span><\/a><\/p>\",\r\n      \"align\": \"top\",\r\n      \"row\": 2,\r\n      \"col\": 0,\r\n      \"colspan\": 12,\r\n      \"offsetx\": 0,\r\n      \"offsety\": 0,\r\n      \"spaceabove\": 0,\r\n      \"spacebelow\": 0,\r\n      \"yvel\": 1,\r\n      \"push\": 0,\r\n      \"relid\": 7\r\n    },\r\n    {\r\n      \"type\": \"text\",\r\n      \"cont\": \"<p><span style=\\\"font-size: 18px;\\\">AUSSTELLUNGSVIDEO<\/span><\/p>\",\r\n      \"align\": \"middle\",\r\n      \"row\": 3,\r\n      \"col\": 0,\r\n      \"colspan\": 12,\r\n      \"offsetx\": 0,\r\n      \"offsety\": 0,\r\n      \"spaceabove\": 0,\r\n      \"spacebelow\": 0,\r\n      \"yvel\": 1,\r\n      \"push\": 0,\r\n      \"relid\": 8\r\n    },\r\n    {\r\n      \"type\": \"video\",\r\n      \"cont\": \"https:\/\/i.vimeocdn.com\/video\/1135402240_640\",\r\n      \"align\": \"bottom\",\r\n      \"row\": 4,\r\n      \"col\": 0,\r\n      \"colspan\": 12,\r\n      \"offsetx\": 0,\r\n      \"offsety\": 0,\r\n      \"spaceabove\": 0,\r\n      \"spacebelow\": 0,\r\n      \"yvel\": 1,\r\n      \"push\": 0,\r\n      \"relid\": 6,\r\n      \"iframe\": \"<iframe src=\\\"\/\/player.vimeo.com\/video\/548376788?api=1&title=0&amp;byline=0&amp;portrait=0&amp;color=ffffff\\\" width=\\\"640\\\" height=\\\"360\\\" frameborder=\\\"0\\\" webkitallowfullscreen mozallowfullscreen allowfullscreen><\/iframe>\",\r\n      \"url\": \"https:\/\/vimeo.com\/548376788\",\r\n      \"w\": 640,\r\n      \"h\": 360,\r\n      \"ar\": 0.5625,\r\n      \"frameOverflow\": \"\"\r\n    },\r\n    {\r\n      \"type\": \"text\",\r\n      \"cont\": \"<p style=\\\"text-align: right;\\\"><span style=\\\"font-size: 18px;\\\">Ein Aussstellungsprojekt gef\u00f6rdert von<\/span><\/p>\",\r\n      \"align\": \"bottom\",\r\n      \"row\": 6,\r\n      \"col\": 0,\r\n      \"colspan\": 12,\r\n      \"offsetx\": 0,\r\n      \"offsety\": 0,\r\n      \"spaceabove\": 0,\r\n      \"spacebelow\": 0,\r\n      \"yvel\": 1,\r\n      \"push\": 0,\r\n      \"relid\": 5,\r\n      \"frameOverflow\": \"\"\r\n    },\r\n    {\r\n      \"type\": \"img\",\r\n      \"cont\": \"\/wp-content\/uploads\/2021\/05\/KF-Logo_monochrom.jpg\",\r\n      \"align\": \"middle\",\r\n      \"row\": 7,\r\n      \"col\": 2,\r\n      \"colspan\": 7,\r\n      \"offsetx\": 0,\r\n      \"offsety\": 0,\r\n      \"spaceabove\": 0,\r\n      \"spacebelow\": 0,\r\n      \"yvel\": 1,\r\n      \"push\": 2,\r\n      \"relid\": 5958,\r\n      \"attid\": 1260,\r\n      \"sizes\": {\r\n        \"full\": \"\/wp-content\/uploads\/2021\/05\/KF-Logo_monochrom.jpg\",\r\n        \"_1920\": \"\/wp-content\/uploads\/2021\/05\/KF-Logo_monochrom-1920x267.jpg\",\r\n        \"_1280\": \"\/wp-content\/uploads\/2021\/05\/KF-Logo_monochrom-1280x178.jpg\",\r\n        \"_1024\": \"\/wp-content\/uploads\/2021\/05\/KF-Logo_monochrom-1024x142.jpg\",\r\n        \"_768\": \"\/wp-content\/uploads\/2021\/05\/KF-Logo_monochrom-768x107.jpg\",\r\n        \"_512\": \"\/wp-content\/uploads\/2021\/05\/KF-Logo_monochrom-512x71.jpg\",\r\n        \"_265\": \"\/wp-content\/uploads\/2021\/05\/KF-Logo_monochrom-265x37.jpg\"\r\n      },\r\n      \"w\": 1938,\r\n      \"h\": 269,\r\n      \"ar\": 0.1388028895768834,\r\n      \"alt\": \"\"\r\n    },\r\n    {\r\n      \"type\": \"img\",\r\n      \"cont\": \"\/wp-content\/uploads\/2021\/05\/92cd8fc30b014b97e335a539f6518dddslK4sJk29jOakBfd-0.jpg\",\r\n      \"align\": \"middle\",\r\n      \"row\": 7,\r\n      \"col\": 9,\r\n      \"colspan\": 3,\r\n      \"offsetx\": 0,\r\n      \"offsety\": 0,\r\n      \"spaceabove\": 0,\r\n      \"spacebelow\": 0,\r\n      \"yvel\": 1,\r\n      \"push\": 0,\r\n      \"relid\": 5957,\r\n      \"attid\": 1259,\r\n      \"sizes\": {\r\n        \"full\": \"\/wp-content\/uploads\/2021\/05\/92cd8fc30b014b97e335a539f6518dddslK4sJk29jOakBfd-0.jpg\",\r\n        \"_1280\": \"\/wp-content\/uploads\/2021\/05\/92cd8fc30b014b97e335a539f6518dddslK4sJk29jOakBfd-0-1280x1253.jpg\",\r\n        \"_1024\": \"\/wp-content\/uploads\/2021\/05\/92cd8fc30b014b97e335a539f6518dddslK4sJk29jOakBfd-0-1024x1002.jpg\",\r\n        \"_768\": \"\/wp-content\/uploads\/2021\/05\/92cd8fc30b014b97e335a539f6518dddslK4sJk29jOakBfd-0-768x752.jpg\",\r\n        \"_512\": \"\/wp-content\/uploads\/2021\/05\/92cd8fc30b014b97e335a539f6518dddslK4sJk29jOakBfd-0-512x501.jpg\",\r\n        \"_265\": \"\/wp-content\/uploads\/2021\/05\/92cd8fc30b014b97e335a539f6518dddslK4sJk29jOakBfd-0-265x259.jpg\"\r\n      },\r\n      \"w\": 1323,\r\n      \"h\": 1295,\r\n      \"ar\": 0.9788359788359788,\r\n      \"alt\": \"\"\r\n    }\r\n  ]\r\n}","_links":{"self":[{"href":"https:\/\/www.galeriefriese.de\/en\/wp-json\/wp\/v2\/posts\/150","targetHints":{"allow":["GET"]}}],"collection":[{"href":"https:\/\/www.galeriefriese.de\/en\/wp-json\/wp\/v2\/posts"}],"about":[{"href":"https:\/\/www.galeriefriese.de\/en\/wp-json\/wp\/v2\/types\/post"}],"author":[{"embeddable":true,"href":"https:\/\/www.galeriefriese.de\/en\/wp-json\/wp\/v2\/users\/1"}],"replies":[{"embeddable":true,"href":"https:\/\/www.galeriefriese.de\/en\/wp-json\/wp\/v2\/comments?post=150"}],"version-history":[{"count":0,"href":"https:\/\/www.galeriefriese.de\/en\/wp-json\/wp\/v2\/posts\/150\/revisions"}],"wp:featuredmedia":[{"embeddable":true,"href":"https:\/\/www.galeriefriese.de\/en\/wp-json\/wp\/v2\/media\/57"}],"wp:attachment":[{"href":"https:\/\/www.galeriefriese.de\/en\/wp-json\/wp\/v2\/media?parent=150"}],"wp:term":[{"taxonomy":"category","embeddable":true,"href":"https:\/\/www.galeriefriese.de\/en\/wp-json\/wp\/v2\/categories?post=150"},{"taxonomy":"post_tag","embeddable":true,"href":"https:\/\/www.galeriefriese.de\/en\/wp-json\/wp\/v2\/tags?post=150"}],"curies":[{"name":"wp","href":"https:\/\/api.w.org\/{rel}","templated":true}]}}