{"id":1423,"date":"2022-10-07T10:37:20","date_gmt":"2021-06-15T07:40:18","guid":{"rendered":"https:\/\/www.galeriefriese.de\/michael-wutz-biografie-4\/"},"modified":"2024-09-25T10:19:39","modified_gmt":"2024-09-25T08:19:39","slug":"norbert-kricke-biografie","status":"publish","type":"post","link":"https:\/\/www.galeriefriese.de\/en\/norbert-kricke-biografie\/","title":{"rendered":"Norbert Kricke Biografie"},"content":{"rendered":"","protected":false},"excerpt":{"rendered":"","protected":false},"author":1,"featured_media":1465,"comment_status":"closed","ping_status":"closed","sticky":false,"template":"","format":"standard","meta":[],"categories":[9,3],"tags":[],"class_list":["post-1423","post","type-post","status-publish","has-post-thumbnail","hentry","category-biografie","category-kuenstler"],"grid":"{\r\n  \"colCount\": 12,\r\n  \"colGutter\": 1,\r\n  \"rowGutters\": [\r\n    3\r\n  ],\r\n  \"frameMargin\": 5,\r\n  \"topFrameMargin\": 200,\r\n  \"bottomFrameMargin\": 5,\r\n  \"rowAttrs\": [\r\n    {\r\n      \"relid\": 7\r\n    },\r\n    {\r\n      \"relid\": 8\r\n    }\r\n  ],\r\n  \"bgColor\": null,\r\n  \"cont\": [\r\n    {\r\n      \"type\": \"text\",\r\n      \"cont\": \"<p><span style=\\\"letter-spacing: 0.02em;\\\"><span style=\\\"font-size: 18px;\\\">NORBERT KRICKE<\/span><\/span><\/p>\",\r\n      \"align\": \"bottom\",\r\n      \"row\": 0,\r\n      \"col\": 2,\r\n      \"colspan\": 2,\r\n      \"offsetx\": 0,\r\n      \"offsety\": 0,\r\n      \"spaceabove\": 0,\r\n      \"spacebelow\": 0,\r\n      \"yvel\": 1,\r\n      \"push\": 2,\r\n      \"relid\": 4,\r\n      \"absolute_position\": false\r\n    },\r\n    {\r\n      \"type\": \"text\",\r\n      \"cont\": \"<p class=\\\"_Default\\\" style=\\\"line-height: 1;\\\"><span style=\\\"font-size: 18px;\\\">Biografie<\/span><\/p><table style=\\\"height: 515px;\\\" border=\\\"0\\\" width=\\\"338\\\"><tbody><tr><td><span style=\\\"font-size: 15px;\\\"><strong>1922<\/strong><\/span><\/td><td><span style=\\\"font-size: 15px;\\\">In D\u00fcsseldorf geboren<\/span><\/td><\/tr><tr><td><span style=\\\"font-size: 15px;\\\"><strong style=\\\"letter-spacing: 0em; text-indent: 0em; background-color: #ffffff;\\\">1946<\/strong><\/span><\/td><td><span style=\\\"font-size: 15px;\\\"><span style=\\\"letter-spacing: 0em; text-indent: 0em; background-color: #ffffff;\\\">Meistersch\u00fcler von Richard Scheibe an der Hochschule f\u00fcr Bildende K\u00fcnste in Berlin<\/span><\/span><\/td><\/tr><tr><td><span style=\\\"font-size: 15px;\\\"><strong style=\\\"letter-spacing: 0em; text-indent: 0em; background-color: #ffffff;\\\">1953<\/strong><span style=\\\"letter-spacing: 0em; text-indent: 0em; background-color: #ffffff;\\\">\u00a0<\/span><\/span><\/td><td><span style=\\\"font-size: 15px;\\\"><span style=\\\"font-size: 15px;\\\"><span style=\\\"letter-spacing: 0em; text-indent: 0em; background-color: #ffffff;\\\"><span style=\\\"text-indent: 0em; font-family: inherit; font-size: inherit; letter-spacing: 0em;\\\">Erste Einzelausstellung in der Galerie Ophir in Mu\u0308nchen<\/span><br \/><\/span><\/span><\/span><\/td><\/tr><tr><td><span style=\\\"font-size: 15px;\\\"><strong style=\\\"letter-spacing: 0em; text-indent: 0em; background-color: #ffffff;\\\">1958<\/strong><span style=\\\"letter-spacing: 0em; text-indent: 0em; background-color: #ffffff;\\\">\u00a0<\/span><\/span><\/td><td><span style=\\\"font-size: 15px;\\\"><span style=\\\"letter-spacing: 0em; text-indent: 0em; background-color: #ffffff;\\\">Preis der Graham Foundation for Advanced Studies in Fine Arts, Chicago<\/span><\/span><\/td><\/tr><tr><td><span style=\\\"font-size: 15px;\\\"><strong style=\\\"letter-spacing: 0em; text-indent: 0em; background-color: #ffffff;\\\">1963<\/strong><\/span><\/td><td><span style=\\\"font-size: 15px;\\\"><span style=\\\"letter-spacing: 0em; text-indent: 0em; background-color: #ffffff;\\\">Gro\u00dfer Kunstpreis des Landes Nordrhein-Westfalen f\u00fcr Bildhauerei<\/span><\/span><\/td><\/tr><tr><td><span style=\\\"font-size: 15px;\\\"><strong style=\\\"letter-spacing: 0em; text-indent: 0em; background-color: #ffffff;\\\">1964<\/strong><\/span><\/td><td><span style=\\\"font-size: 15px;\\\"><span style=\\\"font-size: 15px;\\\"><span style=\\\"letter-spacing: 0em; text-indent: 0em; background-color: #ffffff;\\\"><span>Berufung als Professor fu\u0308r Bildhauerei an die Staatliche\u00a0<\/span><span>Kunstakademie Du\u0308sseldorf<\/span><\/span><\/span><\/span><\/td><\/tr><tr><td><span style=\\\"font-size: 15px;\\\"><strong style=\\\"letter-spacing: 0em; text-indent: 0em; background-color: #ffffff;\\\">1971<\/strong><\/span><\/td><td><span style=\\\"font-size: 15px;\\\"><span style=\\\"font-size: 15px;\\\"><span style=\\\"letter-spacing: 0em; text-indent: 0em; background-color: #ffffff;\\\"><span style=\\\"text-indent: 0em; font-family: inherit; font-size: inherit; letter-spacing: 0em;\\\">Wilhelm-Lehmbruck-Preis der Stadt Duisburg<\/span><\/span><\/span><\/span><\/td><\/tr><tr><td><div class=\\\"page\\\" title=\\\"Page 1\\\"><div class=\\\"layoutArea\\\"><div class=\\\"column\\\"><p class=\\\"_Default\\\"><strong>1972-1981<\/strong><\/p><\/div><\/div><\/div><\/td><td><p class=\\\"_Default\\\"><span style=\\\"letter-spacing: 0em;\\\">Rektor der Staatlichen Kunstakademie in D\u00fcsseldorf<\/span><\/p><\/td><\/tr><tr><td><span style=\\\"font-size: 15px;\\\"><strong style=\\\"letter-spacing: 0em; text-indent: 0em; background-color: #ffffff;\\\">1984<\/strong><\/span><\/td><td><span style=\\\"font-size: 15px;\\\"><span style=\\\"letter-spacing: 0em; text-indent: 0em; background-color: #ffffff;\\\">In D\u00fcsseldorf gestorben<br \/><\/span><\/span><\/td><\/tr><\/tbody><\/table>\",\r\n      \"align\": \"top\",\r\n      \"row\": 1,\r\n      \"col\": 2,\r\n      \"colspan\": 4,\r\n      \"offsetx\": 0,\r\n      \"offsety\": 0,\r\n      \"spaceabove\": 0,\r\n      \"spacebelow\": 0,\r\n      \"yvel\": 1,\r\n      \"push\": 2,\r\n      \"relid\": 5,\r\n      \"absolute_position\": false\r\n    },\r\n    {\r\n      \"type\": \"text\",\r\n      \"cont\": \"<dl class=\\\"vita\\\"><dt><p class=\\\"_Default\\\" style=\\\"line-height: 1;\\\"><span style=\\\"font-size: 18px; letter-spacing: 0em; text-indent: 0em; color: #333333;\\\">Einzelausstellungen (Auswahl)<\/span><\/p><\/dt><\/dl><p class=\\\"_Default\\\"><strong>2023 <\/strong>Norbert Kricke. Versuch \u00fcber die Schwerelosigkeit, Franz Marc Museum, Kochel am See<strong> 2022 <\/strong>Norbert Kricke. Bewegung im Raum, MKM Museum K\u00fcppersm\u00fchle, Duisburg<strong>\u00a02012\u00a0<\/strong><span style=\\\"text-indent: 0em; letter-spacing: 0em;\\\">Norbert Kricke \u2013 Raum I Linie, Museum Liner Appenzell<\/span><strong>\u00a02006\u00a0<\/strong><span style=\\\"text-indent: 0em; letter-spacing: 0em;\\\">Norbert Kricke, Plastiken und Zeichnungen \u2013 Eine Retrospektive, Museum Kunstpalast, Du\u0308sseldorf \/ Neues Museum, Nu\u0308rnberg <strong>1995<\/strong>\u00a0<\/span><span style=\\\"text-indent: 0em; letter-spacing: 0em;\\\">Norbert Kricke \u2013 Zeichnungen, Kunstmuseum Bonn \/ Kunstverein Braunschweig\u00a0<strong>1980<\/strong>\u00a0<\/span><span style=\\\"text-indent: 0em; letter-spacing: 0em;\\\">Norbert Kricke, Raumplastiken und Zeichnungen, Sta\u0308dtische Galerie im Sta\u0308delschen Kunstinstitut \/ Sta\u0308delgarten, Frankfurt a.M. <strong>1978\u00a0<\/strong><\/span><span style=\\\"text-indent: 0em; letter-spacing: 0em;\\\">Norbert Kricke, Galerie Denise Rene\u0301, Paris <strong>1976<\/strong>\u00a0<\/span><span style=\\\"text-indent: 0em; letter-spacing: 0em;\\\">Norbert Kricke, Staatsgalerie Stuttgart \/ Westfa\u0308lisches Landesmuseum fu\u0308r Kunst und Kulturgeschichte, Mu\u0308nster <strong>1975\u00a0<\/strong><\/span><span style=\\\"text-indent: 0em; letter-spacing: 0em;\\\">Norbert Kricke, Wilhelm-Lehmbruck-Museum Duisburg \/\u00a0<\/span><span style=\\\"text-indent: 0em; letter-spacing: 0em;\\\">Sta\u0308dtische Kunsthalle, Du\u0308sseldorf <strong>1964\u00a0<\/strong><\/span><span style=\\\"text-indent: 0em; letter-spacing: 0em;\\\">Norbert Kricke, XXXII. Biennale, Deutscher Pavillon, Venedig <strong>1961<\/strong>\u00a0<\/span><span style=\\\"text-indent: 0em; letter-spacing: 0em;\\\">Norbert Kricke, Museum of Modern Art, New York <strong>1957<\/strong>\u00a0<\/span><span style=\\\"text-indent: 0em; letter-spacing: 0em;\\\">Norbert Kricke, Nouvelle dimension \u2013 sculptures de Kricke, Galerie\u00a0<\/span><span style=\\\"text-indent: 0em; letter-spacing: 0em;\\\">Iris Clert, Paris<\/span><\/p><p>\u00a0<\/p><p class=\\\"_Default\\\"><span style=\\\"font-size: 18px;\\\">Gruppenausstellungen (Auswahl)<\/span><span style=\\\"font-size: 12px;\\\"><strong><br \/><\/strong><\/span><\/p><div class=\\\"page\\\" title=\\\"Page 2\\\"><div class=\\\"layoutArea\\\"><div class=\\\"column\\\"><p><span><strong>2023-2024<\/strong> Die Sammlung Haniel \u2013 Der eigene Weg, MKM Museum Ku\u0308ppersmu\u0308hle, Duisburg <\/span><strong>2021-2022\u00a0<\/strong><span style=\\\"text-indent: 0em; letter-spacing: 0em;\\\">Ways of Seeing Abstraction \u2013 Works from the Deutsche Bank Collection, Palais Populaire, Berlin\u00a0<\/span><span style=\\\"text-indent: 0em; letter-spacing: 0em;\\\"><strong>2018\u00a0<\/strong><\/span><span style=\\\"text-indent: 0em; letter-spacing: 0em;\\\">Inventur \u2013 Art in Germany, 1943-55, Harvard Art Museum, Cambridge <strong>2017<\/strong>\u00a0<\/span><span style=\\\"text-indent: 0em; letter-spacing: 0em;\\\">Art and Space, Guggenheim, Bilbao.<\/span><span style=\\\"text-indent: 0em; letter-spacing: 0em;\\\">\u00a0<\/span><span style=\\\"text-indent: 0em; letter-spacing: 0em;\\\"><strong>2013<\/strong>\u00a0<\/span><span style=\\\"text-indent: 0em; letter-spacing: 0em;\\\">Norbert Kricke und Emil Schumacher: Positionen in Plastik und Malerei nach 1945, Emil Schumacher Museum Hagen <\/span><span style=\\\"text-indent: 0em; letter-spacing: 0em;\\\"><strong>2006<\/strong>\u00a0<\/span><span style=\\\"text-indent: 0em; letter-spacing: 0em;\\\">Rupprecht Geiger \u2013 Norbert Kricke. Das Bauhaus und die Folgen,\u00a0<\/span><span style=\\\"text-indent: 0em; letter-spacing: 0em;\\\">Neues Museum, Weimar<\/span><span style=\\\"text-indent: 0em; letter-spacing: 0em;\\\">\u00a0<strong>1998<\/strong>\u00a0<\/span><span style=\\\"text-indent: 0em; letter-spacing: 0em;\\\">Stunde Null, deutsche Kunst der spa\u0308ten vierziger Jahre, Staatsgalerie Stuttgart <strong>1991\u00a0<\/strong><\/span><span style=\\\"text-indent: 0em; letter-spacing: 0em;\\\">Interrelations &amp; Migration, Erwin Heerich, Norbert Kricke, Abraham David Christian, Katsuhito Nishikawa, Queens Museum of Art, New York <strong>1982\u00a0<\/strong><\/span><span style=\\\"text-indent: 0em; letter-spacing: 0em;\\\">Malerei und Plastik des 20. Jahrhunderts, Staatsgalerie Stuttgart <strong>1973\u00a0<\/strong><\/span><span style=\\\"text-indent: 0em; letter-spacing: 0em;\\\">Kunst in Deutschland 1989\u20131973, Hamburger Kunsthalle \/ Sta\u0308dtische Galerie im Lenbachhaus, Mu\u0308nchen <strong>1965\u00a0<\/strong><\/span><span style=\\\"text-indent: 0em; letter-spacing: 0em;\\\">Sammlung Sprengel, Kunstverein Hannover \/ Kestner Gesellschaft \/ Niedersa\u0308chsisches Landesmuseum, Hannover <strong>1964\u00a0<\/strong><\/span><span style=\\\"text-indent: 0em; letter-spacing: 0em;\\\">documenta III. Internationale Ausstellung, Alte Galerie, Museum Fridericianum, Orangerie, Kassel <strong>1960\u00a0<\/strong><\/span><span style=\\\"text-indent: 0em; letter-spacing: 0em;\\\">Norbert Kricke, Bernhard Luginbu\u0308hl, Jean Tinguely, Kunsthalle\u00a0<\/span><span style=\\\"text-indent: 0em; letter-spacing: 0em;\\\">Bern <strong>1959<\/strong>\u00a0<\/span><span style=\\\"text-indent: 0em; letter-spacing: 0em;\\\">II. Documenta \u201959. Kunst nach 1945, Museum Fridericianum,\u00a0<\/span><span style=\\\"text-indent: 0em; letter-spacing: 0em;\\\">Orangerie, Schloss Bellevue, Kassel <strong>1955\u00a0<\/strong><\/span><span style=\\\"text-indent: 0em; letter-spacing: 0em;\\\">Eisenplastik, Kunsthalle Bern.\u00a0<\/span><span style=\\\"text-indent: 0em; letter-spacing: 0em;\\\">Peintures et sculptures non figuratives en Allemagne aujourd\u2019hui, Cercle Volney, Paris<\/span><\/p><\/div><\/div><\/div><p>\u00a0<\/p>\",\r\n      \"align\": \"top\",\r\n      \"row\": 1,\r\n      \"col\": 7,\r\n      \"colspan\": 5,\r\n      \"offsetx\": 0,\r\n      \"offsety\": 0,\r\n      \"spaceabove\": 0,\r\n      \"spacebelow\": 0,\r\n      \"yvel\": 1,\r\n      \"push\": 1,\r\n      \"relid\": 6,\r\n      \"absolute_position\": false\r\n    }\r\n  ]\r\n}","phonegrid":"{\r\n  \"colCount\": 12,\r\n  \"colGutter\": 1,\r\n  \"rowGutters\": [\r\n    5,\r\n    5\r\n  ],\r\n  \"frameMargin\": 5,\r\n  \"leftFrameMargin\": 5,\r\n  \"rightFrameMargin\": 5,\r\n  \"topFrameMargin\": 20,\r\n  \"bottomFrameMargin\": 5,\r\n  \"rowAttrs\": [\r\n    {\r\n      \"relid\": 9\r\n    },\r\n    {\r\n      \"relid\": 10\r\n    },\r\n    {\r\n      \"relid\": 11\r\n    }\r\n  ],\r\n  \"bgColor\": null,\r\n  \"bgImage\": null,\r\n  \"cont\": [\r\n    {\r\n      \"type\": \"text\",\r\n      \"cont\": \"<p><span style=\\\"letter-spacing: 0.02em;\\\"><span style=\\\"font-size: 18px;\\\">NORBERT KRICKE<\/span><\/span><\/p>\",\r\n      \"align\": \"bottom\",\r\n      \"row\": 0,\r\n      \"col\": 0,\r\n      \"colspan\": 12,\r\n      \"offsetx\": 0,\r\n      \"offsety\": 0,\r\n      \"spaceabove\": 0,\r\n      \"spacebelow\": 0,\r\n      \"yvel\": 1,\r\n      \"push\": 0,\r\n      \"relid\": 4,\r\n      \"absolute_position\": false\r\n    },\r\n    {\r\n      \"type\": \"text\",\r\n      \"cont\": \"<p class=\\\"_Default\\\" style=\\\"line-height: 1;\\\"><span style=\\\"font-size: 18px;\\\">Biografie<\/span><\/p><table style=\\\"height: 515px;\\\" border=\\\"0\\\" width=\\\"338\\\"><tbody><tr><td><span style=\\\"font-size: 15px;\\\"><strong>1922<\/strong><\/span><\/td><td><span style=\\\"font-size: 15px;\\\">In D\u00fcsseldorf geboren<\/span><\/td><\/tr><tr><td><span style=\\\"font-size: 15px;\\\"><strong style=\\\"letter-spacing: 0em; text-indent: 0em; background-color: #ffffff;\\\">1946<\/strong><\/span><\/td><td><span style=\\\"font-size: 15px;\\\"><span style=\\\"letter-spacing: 0em; text-indent: 0em; background-color: #ffffff;\\\">Meistersch\u00fcler von Richard Scheibe an der Hochschule f\u00fcr Bildende K\u00fcnste in Berlin<\/span><\/span><\/td><\/tr><tr><td><span style=\\\"font-size: 15px;\\\"><strong style=\\\"letter-spacing: 0em; text-indent: 0em; background-color: #ffffff;\\\">1953<\/strong><span style=\\\"letter-spacing: 0em; text-indent: 0em; background-color: #ffffff;\\\">\u00a0<\/span><\/span><\/td><td><span style=\\\"font-size: 15px;\\\"><span style=\\\"font-size: 15px;\\\"><span style=\\\"letter-spacing: 0em; text-indent: 0em; background-color: #ffffff;\\\"><span style=\\\"text-indent: 0em; font-family: inherit; font-size: inherit; letter-spacing: 0em;\\\">Erste Einzelausstellung in der Galerie Ophir in Mu\u0308nchen<\/span><br \/><\/span><\/span><\/span><\/td><\/tr><tr><td><span style=\\\"font-size: 15px;\\\"><strong style=\\\"letter-spacing: 0em; text-indent: 0em; background-color: #ffffff;\\\">1958<\/strong><span style=\\\"letter-spacing: 0em; text-indent: 0em; background-color: #ffffff;\\\">\u00a0<\/span><\/span><\/td><td><span style=\\\"font-size: 15px;\\\"><span style=\\\"letter-spacing: 0em; text-indent: 0em; background-color: #ffffff;\\\">Preis der Graham Foundation for Advanced Studies in Fine Arts, Chicago<\/span><\/span><\/td><\/tr><tr><td><span style=\\\"font-size: 15px;\\\"><strong style=\\\"letter-spacing: 0em; text-indent: 0em; background-color: #ffffff;\\\">1963<\/strong><\/span><\/td><td><span style=\\\"font-size: 15px;\\\"><span style=\\\"letter-spacing: 0em; text-indent: 0em; background-color: #ffffff;\\\">Gro\u00dfer Kunstpreis des Landes Nordrhein-Westfalen f\u00fcr Bildhauerei<\/span><\/span><\/td><\/tr><tr><td><span style=\\\"font-size: 15px;\\\"><strong style=\\\"letter-spacing: 0em; text-indent: 0em; background-color: #ffffff;\\\">1964<\/strong><\/span><\/td><td><span style=\\\"font-size: 15px;\\\"><span style=\\\"font-size: 15px;\\\"><span style=\\\"letter-spacing: 0em; text-indent: 0em; background-color: #ffffff;\\\"><span>Berufung als Professor fu\u0308r Bildhauerei an die Staatliche\u00a0<\/span><span>Kunstakademie Du\u0308sseldorf<\/span><\/span><\/span><\/span><\/td><\/tr><tr><td><span style=\\\"font-size: 15px;\\\"><strong style=\\\"letter-spacing: 0em; text-indent: 0em; background-color: #ffffff;\\\">1971<\/strong><\/span><\/td><td><span style=\\\"font-size: 15px;\\\"><span style=\\\"font-size: 15px;\\\"><span style=\\\"letter-spacing: 0em; text-indent: 0em; background-color: #ffffff;\\\"><span style=\\\"text-indent: 0em; font-family: inherit; font-size: inherit; letter-spacing: 0em;\\\">Wilhelm-Lehmbruck-Preis der Stadt Duisburg<\/span><\/span><\/span><\/span><\/td><\/tr><tr><td><div class=\\\"page\\\" title=\\\"Page 1\\\"><div class=\\\"layoutArea\\\"><div class=\\\"column\\\"><p class=\\\"_Default\\\"><strong>1972-1981<\/strong><\/p><\/div><\/div><\/div><\/td><td><p class=\\\"_Default\\\"><span style=\\\"letter-spacing: 0em;\\\">Rektor der Staatlichen Kunstakademie in D\u00fcsseldorf<\/span><\/p><\/td><\/tr><tr><td><span style=\\\"font-size: 15px;\\\"><strong style=\\\"letter-spacing: 0em; text-indent: 0em; background-color: #ffffff;\\\">1984<\/strong><\/span><\/td><td><span style=\\\"font-size: 15px;\\\"><span style=\\\"letter-spacing: 0em; text-indent: 0em; background-color: #ffffff;\\\">In D\u00fcsseldorf gestorben<br \/><\/span><\/span><\/td><\/tr><\/tbody><\/table>\",\r\n      \"align\": \"bottom\",\r\n      \"row\": 1,\r\n      \"col\": 0,\r\n      \"colspan\": 12,\r\n      \"offsetx\": 0,\r\n      \"offsety\": 0,\r\n      \"spaceabove\": 0,\r\n      \"spacebelow\": 0,\r\n      \"yvel\": 1,\r\n      \"push\": 0,\r\n      \"relid\": 5,\r\n      \"absolute_position\": false\r\n    },\r\n    {\r\n      \"type\": \"text\",\r\n      \"cont\": \"<dl class=\\\"vita\\\"><dt><p class=\\\"_Default\\\" style=\\\"line-height: 1;\\\"><span style=\\\"font-size: 18px; letter-spacing: 0em; text-indent: 0em; color: #333333;\\\">Einzelausstellungen (Auswahl)<\/span><\/p><\/dt><\/dl><p class=\\\"_Default\\\"><strong>2023 <\/strong>Norbert Kricke. Versuch \u00fcber die Schwerelosigkeit, Franz Marc Museum, Kochel am See<strong> 2022 <\/strong>Norbert Kricke. Bewegung im Raum, MKM Museum K\u00fcppersm\u00fchle, Duisburg<strong>\u00a02012\u00a0<\/strong><span style=\\\"text-indent: 0em; letter-spacing: 0em;\\\">Norbert Kricke \u2013 Raum I Linie, Museum Liner Appenzell<\/span><strong>\u00a02006\u00a0<\/strong><span style=\\\"text-indent: 0em; letter-spacing: 0em;\\\">Norbert Kricke, Plastiken und Zeichnungen \u2013 Eine Retrospektive, Museum Kunstpalast, Du\u0308sseldorf \/ Neues Museum, Nu\u0308rnberg <strong>1995<\/strong>\u00a0<\/span><span style=\\\"text-indent: 0em; letter-spacing: 0em;\\\">Norbert Kricke \u2013 Zeichnungen, Kunstmuseum Bonn \/ Kunstverein Braunschweig\u00a0<strong>1980<\/strong>\u00a0<\/span><span style=\\\"text-indent: 0em; letter-spacing: 0em;\\\">Norbert Kricke, Raumplastiken und Zeichnungen, Sta\u0308dtische Galerie im Sta\u0308delschen Kunstinstitut \/ Sta\u0308delgarten, Frankfurt a.M. <strong>1978\u00a0<\/strong><\/span><span style=\\\"text-indent: 0em; letter-spacing: 0em;\\\">Norbert Kricke, Galerie Denise Rene\u0301, Paris <strong>1976<\/strong>\u00a0<\/span><span style=\\\"text-indent: 0em; letter-spacing: 0em;\\\">Norbert Kricke, Staatsgalerie Stuttgart \/ Westfa\u0308lisches Landesmuseum fu\u0308r Kunst und Kulturgeschichte, Mu\u0308nster <strong>1975\u00a0<\/strong><\/span><span style=\\\"text-indent: 0em; letter-spacing: 0em;\\\">Norbert Kricke, Wilhelm-Lehmbruck-Museum Duisburg \/\u00a0<\/span><span style=\\\"text-indent: 0em; letter-spacing: 0em;\\\">Sta\u0308dtische Kunsthalle, Du\u0308sseldorf <strong>1964\u00a0<\/strong><\/span><span style=\\\"text-indent: 0em; letter-spacing: 0em;\\\">Norbert Kricke, XXXII. Biennale, Deutscher Pavillon, Venedig <strong>1961<\/strong>\u00a0<\/span><span style=\\\"text-indent: 0em; letter-spacing: 0em;\\\">Norbert Kricke, Museum of Modern Art, New York <strong>1957<\/strong>\u00a0<\/span><span style=\\\"text-indent: 0em; letter-spacing: 0em;\\\">Norbert Kricke, Nouvelle dimension \u2013 sculptures de Kricke, Galerie\u00a0<\/span><span style=\\\"text-indent: 0em; letter-spacing: 0em;\\\">Iris Clert, Paris<\/span><\/p><p>\u00a0<\/p><p class=\\\"_Default\\\"><span style=\\\"font-size: 18px;\\\">Gruppenausstellungen (Auswahl)<\/span><span style=\\\"font-size: 12px;\\\"><strong><br \/><\/strong><\/span><\/p><div class=\\\"page\\\" title=\\\"Page 2\\\"><div class=\\\"layoutArea\\\"><div class=\\\"column\\\"><p><span><strong>2023-2024<\/strong> Die Sammlung Haniel \u2013 Der eigene Weg, MKM Museum Ku\u0308ppersmu\u0308hle, Duisburg <\/span><strong>2021-2022\u00a0<\/strong><span style=\\\"text-indent: 0em; letter-spacing: 0em;\\\">Ways of Seeing Abstraction \u2013 Works from the Deutsche Bank Collection, Palais Populaire, Berlin\u00a0<\/span><span style=\\\"text-indent: 0em; letter-spacing: 0em;\\\"><strong>2018\u00a0<\/strong><\/span><span style=\\\"text-indent: 0em; letter-spacing: 0em;\\\">Inventur \u2013 Art in Germany, 1943-55, Harvard Art Museum, Cambridge <strong>2017<\/strong>\u00a0<\/span><span style=\\\"text-indent: 0em; letter-spacing: 0em;\\\">Art and Space, Guggenheim, Bilbao.<\/span><span style=\\\"text-indent: 0em; letter-spacing: 0em;\\\">\u00a0<\/span><span style=\\\"text-indent: 0em; letter-spacing: 0em;\\\"><strong>2013<\/strong>\u00a0<\/span><span style=\\\"text-indent: 0em; letter-spacing: 0em;\\\">Norbert Kricke und Emil Schumacher: Positionen in Plastik und Malerei nach 1945, Emil Schumacher Museum Hagen <\/span><span style=\\\"text-indent: 0em; letter-spacing: 0em;\\\"><strong>2006<\/strong>\u00a0<\/span><span style=\\\"text-indent: 0em; letter-spacing: 0em;\\\">Rupprecht Geiger \u2013 Norbert Kricke. Das Bauhaus und die Folgen,\u00a0<\/span><span style=\\\"text-indent: 0em; letter-spacing: 0em;\\\">Neues Museum, Weimar<\/span><span style=\\\"text-indent: 0em; letter-spacing: 0em;\\\">\u00a0<strong>1998<\/strong>\u00a0<\/span><span style=\\\"text-indent: 0em; letter-spacing: 0em;\\\">Stunde Null, deutsche Kunst der spa\u0308ten vierziger Jahre, Staatsgalerie Stuttgart <strong>1991\u00a0<\/strong><\/span><span style=\\\"text-indent: 0em; letter-spacing: 0em;\\\">Interrelations &amp; Migration, Erwin Heerich, Norbert Kricke, Abraham David Christian, Katsuhito Nishikawa, Queens Museum of Art, New York <strong>1982\u00a0<\/strong><\/span><span style=\\\"text-indent: 0em; letter-spacing: 0em;\\\">Malerei und Plastik des 20. Jahrhunderts, Staatsgalerie Stuttgart <strong>1973\u00a0<\/strong><\/span><span style=\\\"text-indent: 0em; letter-spacing: 0em;\\\">Kunst in Deutschland 1989\u20131973, Hamburger Kunsthalle \/ Sta\u0308dtische Galerie im Lenbachhaus, Mu\u0308nchen <strong>1965\u00a0<\/strong><\/span><span style=\\\"text-indent: 0em; letter-spacing: 0em;\\\">Sammlung Sprengel, Kunstverein Hannover \/ Kestner Gesellschaft \/ Niedersa\u0308chsisches Landesmuseum, Hannover <strong>1964\u00a0<\/strong><\/span><span style=\\\"text-indent: 0em; letter-spacing: 0em;\\\">documenta III. Internationale Ausstellung, Alte Galerie, Museum Fridericianum, Orangerie, Kassel <strong>1960\u00a0<\/strong><\/span><span style=\\\"text-indent: 0em; letter-spacing: 0em;\\\">Norbert Kricke, Bernhard Luginbu\u0308hl, Jean Tinguely, Kunsthalle\u00a0<\/span><span style=\\\"text-indent: 0em; letter-spacing: 0em;\\\">Bern <strong>1959<\/strong>\u00a0<\/span><span style=\\\"text-indent: 0em; letter-spacing: 0em;\\\">II. Documenta \u201959. Kunst nach 1945, Museum Fridericianum,\u00a0<\/span><span style=\\\"text-indent: 0em; letter-spacing: 0em;\\\">Orangerie, Schloss Bellevue, Kassel <strong>1955\u00a0<\/strong><\/span><span style=\\\"text-indent: 0em; letter-spacing: 0em;\\\">Eisenplastik, Kunsthalle Bern.\u00a0<\/span><span style=\\\"text-indent: 0em; letter-spacing: 0em;\\\">Peintures et sculptures non figuratives en Allemagne aujourd\u2019hui, Cercle Volney, Paris<\/span><\/p><\/div><\/div><\/div><p>\u00a0<\/p>\",\r\n      \"align\": \"bottom\",\r\n      \"row\": 2,\r\n      \"col\": 0,\r\n      \"colspan\": 12,\r\n      \"offsetx\": 0,\r\n      \"offsety\": 0,\r\n      \"spaceabove\": 0,\r\n      \"spacebelow\": 0,\r\n      \"yvel\": 1,\r\n      \"push\": 0,\r\n      \"relid\": 6,\r\n      \"absolute_position\": false\r\n    }\r\n  ]\r\n}","_links":{"self":[{"href":"https:\/\/www.galeriefriese.de\/en\/wp-json\/wp\/v2\/posts\/1423","targetHints":{"allow":["GET"]}}],"collection":[{"href":"https:\/\/www.galeriefriese.de\/en\/wp-json\/wp\/v2\/posts"}],"about":[{"href":"https:\/\/www.galeriefriese.de\/en\/wp-json\/wp\/v2\/types\/post"}],"author":[{"embeddable":true,"href":"https:\/\/www.galeriefriese.de\/en\/wp-json\/wp\/v2\/users\/1"}],"replies":[{"embeddable":true,"href":"https:\/\/www.galeriefriese.de\/en\/wp-json\/wp\/v2\/comments?post=1423"}],"version-history":[{"count":0,"href":"https:\/\/www.galeriefriese.de\/en\/wp-json\/wp\/v2\/posts\/1423\/revisions"}],"wp:featuredmedia":[{"embeddable":true,"href":"https:\/\/www.galeriefriese.de\/en\/wp-json\/wp\/v2\/media\/1465"}],"wp:attachment":[{"href":"https:\/\/www.galeriefriese.de\/en\/wp-json\/wp\/v2\/media?parent=1423"}],"wp:term":[{"taxonomy":"category","embeddable":true,"href":"https:\/\/www.galeriefriese.de\/en\/wp-json\/wp\/v2\/categories?post=1423"},{"taxonomy":"post_tag","embeddable":true,"href":"https:\/\/www.galeriefriese.de\/en\/wp-json\/wp\/v2\/tags?post=1423"}],"curies":[{"name":"wp","href":"https:\/\/api.w.org\/{rel}","templated":true}]}}