{"id":1284,"date":"2022-06-29T11:52:46","date_gmt":"2021-06-15T07:40:18","guid":{"rendered":"https:\/\/www.galeriefriese.de\/michael-wutz-biografie-3\/"},"modified":"2022-06-29T13:50:26","modified_gmt":"2022-06-29T11:50:26","slug":"michael-wutz-biografie-3","status":"publish","type":"post","link":"https:\/\/www.galeriefriese.de\/en\/michael-wutz-biografie-3\/","title":{"rendered":"Michael Wutz Biografie Test"},"content":{"rendered":"","protected":false},"excerpt":{"rendered":"","protected":false},"author":1,"featured_media":589,"comment_status":"closed","ping_status":"closed","sticky":false,"template":"","format":"standard","meta":[],"categories":[9,3],"tags":[],"class_list":["post-1284","post","type-post","status-publish","has-post-thumbnail","hentry","category-biografie","category-kuenstler"],"grid":"{\r\n  \"colCount\": 12,\r\n  \"colGutter\": 1,\r\n  \"rowGutters\": [\r\n    3\r\n  ],\r\n  \"frameMargin\": 5,\r\n  \"topFrameMargin\": 200,\r\n  \"bottomFrameMargin\": 5,\r\n  \"rowAttrs\": [\r\n    {},\r\n    {}\r\n  ],\r\n  \"bgColor\": null,\r\n  \"cont\": [\r\n    {\r\n      \"type\": \"text\",\r\n      \"cont\": \"<p><span style=\\\"letter-spacing: 0.02em;\\\"><span style=\\\"font-size: 18px;\\\">MICHAEL WUTZ<\/span><\/span><\/p>\",\r\n      \"align\": \"bottom\",\r\n      \"row\": 0,\r\n      \"col\": 2,\r\n      \"colspan\": 2,\r\n      \"offsetx\": 0,\r\n      \"offsety\": 0,\r\n      \"spaceabove\": 0,\r\n      \"spacebelow\": 0,\r\n      \"yvel\": 1,\r\n      \"push\": 2,\r\n      \"relid\": 4\r\n    },\r\n    {\r\n      \"type\": \"text\",\r\n      \"cont\": \"<p class=\\\"_Default\\\" style=\\\"line-height: 1;\\\"><span style=\\\"font-size: 18px;\\\">Biografie<\/span><\/p><table style=\\\"height: 515px;\\\" width=\\\"338\\\"><tbody><tr><td><span style=\\\"font-size: 15px;\\\"><strong>1979<\/strong><\/span><\/td><td><span style=\\\"font-size: 15px;\\\">In Ichenhausen geboren<\/span><\/td><\/tr><tr><td><span style=\\\"font-size: 15px;\\\"><strong style=\\\"letter-spacing: 0em; text-indent: 0em; background-color: #ffffff;\\\">2000\u20132005<\/strong><\/span><\/td><td><span style=\\\"font-size: 15px;\\\"><span style=\\\"letter-spacing: 0em; text-indent: 0em; background-color: #ffffff;\\\">Studium der Bildenden K\u00fcnste an der UdK Berlin bei Leiko Ikemura<\/span><\/span><\/td><\/tr><tr><td><span style=\\\"font-size: 15px;\\\"><strong style=\\\"letter-spacing: 0em; text-indent: 0em; background-color: #ffffff;\\\">2005\u20132006<\/strong><span style=\\\"letter-spacing: 0em; text-indent: 0em; background-color: #ffffff;\\\">\u00a0<\/span><\/span><\/td><td><span style=\\\"font-size: 15px;\\\"><span style=\\\"letter-spacing: 0em; text-indent: 0em; background-color: #ffffff;\\\">Meistersch\u00fcler bei Leiko Ikemura<\/span><\/span><\/td><\/tr><tr><td><span style=\\\"font-size: 15px;\\\"><strong style=\\\"letter-spacing: 0em; text-indent: 0em; background-color: #ffffff;\\\">2004<\/strong><span style=\\\"letter-spacing: 0em; text-indent: 0em; background-color: #ffffff;\\\">\u00a0<\/span><\/span><\/td><td><span style=\\\"font-size: 15px;\\\"><span style=\\\"letter-spacing: 0em; text-indent: 0em; background-color: #ffffff;\\\">Schweizer Cumpana Stipendium f\u00fcr Malerei, Bukarest<\/span><\/span><\/td><\/tr><tr><td><span style=\\\"font-size: 15px;\\\"><strong style=\\\"letter-spacing: 0em; text-indent: 0em; background-color: #ffffff;\\\">2007<\/strong><\/span><\/td><td><span style=\\\"font-size: 15px;\\\"><span style=\\\"letter-spacing: 0em; text-indent: 0em; background-color: #ffffff;\\\">Gastk\u00fcnstler im Bereich Printmaking, University of Texas, Austin<\/span><\/span><\/td><\/tr><tr><td><span style=\\\"font-size: 15px;\\\"><strong style=\\\"letter-spacing: 0em; text-indent: 0em; background-color: #ffffff;\\\">2008<\/strong><\/span><\/td><td><span style=\\\"font-size: 15px;\\\"><span style=\\\"letter-spacing: 0em; text-indent: 0em; background-color: #ffffff;\\\">Yozo Hamaguchi 100th Anniversary International Print Competition and Exhibition, Mus\u00e9e Hamaguchi Yozo, Yamasa Collection, Tokyo<\/span><\/span><\/td><\/tr><tr><td><span style=\\\"font-size: 15px;\\\"><strong style=\\\"letter-spacing: 0em; text-indent: 0em; background-color: #ffffff;\\\">2009<\/strong><\/span><\/td><td><span style=\\\"font-size: 15px;\\\"><span style=\\\"letter-spacing: 0em; text-indent: 0em; background-color: #ffffff;\\\">1. Preis der Grafik-Triennale, Brunssum<\/span><\/span><\/td><\/tr><tr><td><span style=\\\"font-size: 15px;\\\"><strong style=\\\"letter-spacing: 0em; text-indent: 0em; background-color: #ffffff;\\\">2011<\/strong><\/span><\/td><td><span style=\\\"font-size: 15px;\\\"><span style=\\\"letter-spacing: 0em; text-indent: 0em; background-color: #ffffff;\\\">Gewinner des Horst-Janssen-Grafikpreises, Oldenburg<\/span><\/span><\/td><\/tr><tr><td><span style=\\\"font-size: 15px;\\\"><strong style=\\\"letter-spacing: 0em; text-indent: 0em; background-color: #ffffff;\\\">2013<\/strong><\/span><\/td><td><span style=\\\"font-size: 15px;\\\"><span style=\\\"letter-spacing: 0em; text-indent: 0em; background-color: #ffffff;\\\">EHF 2010 Preis der Konrad Adenauer Stiftung<br \/>Lebt und arbeitet in Berlin<br \/><\/span><\/span><\/td><\/tr><tr><td>\u00a0<\/td><td>\u00a0<\/td><\/tr><\/tbody><\/table>\",\r\n      \"align\": \"top\",\r\n      \"row\": 1,\r\n      \"col\": 2,\r\n      \"colspan\": 4,\r\n      \"offsetx\": 0,\r\n      \"offsety\": 0,\r\n      \"spaceabove\": 0,\r\n      \"spacebelow\": 0,\r\n      \"yvel\": 1,\r\n      \"push\": 2,\r\n      \"relid\": 5\r\n    },\r\n    {\r\n      \"type\": \"text\",\r\n      \"cont\": \"<dl class=\\\"vita\\\"><dt><p class=\\\"_Default\\\" style=\\\"line-height: 1;\\\"><span style=\\\"font-size: 18px; letter-spacing: 0em; text-indent: 0em; color: #333333;\\\">Einzelausstellungen (Auswahl)<\/span><\/p><\/dt><\/dl><p class=\\\"_Default\\\"><strong>2020 <\/strong>Traurige Topoi, Galerie Klaus Gerrit Friese, Berlin<strong> 2017 <\/strong>Kopfb\u00e4ume, Forum Kunst Rottweil<strong> 2011 <\/strong>Horst-Janssen Museum, Oldenburg<\/p><p class=\\\"_Default\\\" style=\\\"line-height: 0.6;\\\">\u00a0<\/p><p class=\\\"_Default\\\"><span style=\\\"font-size: 18px;\\\">Gruppenausstellungen (Auswahl)<\/span><span style=\\\"font-size: 12px;\\\"><strong><br \/><\/strong><\/span><\/p><p><strong>2019 <\/strong>2009-2019, Kupferstichkabinett, Berlin<strong> 2017 <\/strong>\u00dcber den Umgang mit Menschen, wenn Zuneigung im Spiel ist, Sammlung Klein, Kunstmuseum Stuttgart Berlin 1937. Im Schatten von morgen, M\u00e4rkisches Museum Berlin<strong> 2016 <\/strong>Die Geschichte hat einen Fehler \/ zu viele Erz\u00e4hler, Kunstverein G\u00fctersloh <strong>2014 <\/strong>IV Moscow International Biennale for Young Art 2014, Moskau. H\u00c4NGUNG #12 WELTENtr\u00e4umen, Sammlung Alison und Peter Klein, Eberdingen-Nussdorf. Proof It - Druckgrafik im Spannungsfeld zeitgen\u00f6ssischer Kunst, St\u00e4dtische Galerie Wolfsburg<strong> 2013 <\/strong>Berlin.Status [2], K\u00fcnstlerhaus Bethanien, Berlin<\/p><p>\u00a0<\/p>\",\r\n      \"align\": \"top\",\r\n      \"row\": 1,\r\n      \"col\": 7,\r\n      \"colspan\": 5,\r\n      \"offsetx\": 0,\r\n      \"offsety\": 0,\r\n      \"spaceabove\": 0,\r\n      \"spacebelow\": 0,\r\n      \"yvel\": 1,\r\n      \"push\": 1,\r\n      \"relid\": 6,\r\n      \"frameOverflow\": \"\"\r\n    }\r\n  ]\r\n}","phonegrid":"","_links":{"self":[{"href":"https:\/\/www.galeriefriese.de\/en\/wp-json\/wp\/v2\/posts\/1284","targetHints":{"allow":["GET"]}}],"collection":[{"href":"https:\/\/www.galeriefriese.de\/en\/wp-json\/wp\/v2\/posts"}],"about":[{"href":"https:\/\/www.galeriefriese.de\/en\/wp-json\/wp\/v2\/types\/post"}],"author":[{"embeddable":true,"href":"https:\/\/www.galeriefriese.de\/en\/wp-json\/wp\/v2\/users\/1"}],"replies":[{"embeddable":true,"href":"https:\/\/www.galeriefriese.de\/en\/wp-json\/wp\/v2\/comments?post=1284"}],"version-history":[{"count":0,"href":"https:\/\/www.galeriefriese.de\/en\/wp-json\/wp\/v2\/posts\/1284\/revisions"}],"wp:featuredmedia":[{"embeddable":true,"href":"https:\/\/www.galeriefriese.de\/en\/wp-json\/wp\/v2\/media\/589"}],"wp:attachment":[{"href":"https:\/\/www.galeriefriese.de\/en\/wp-json\/wp\/v2\/media?parent=1284"}],"wp:term":[{"taxonomy":"category","embeddable":true,"href":"https:\/\/www.galeriefriese.de\/en\/wp-json\/wp\/v2\/categories?post=1284"},{"taxonomy":"post_tag","embeddable":true,"href":"https:\/\/www.galeriefriese.de\/en\/wp-json\/wp\/v2\/tags?post=1284"}],"curies":[{"name":"wp","href":"https:\/\/api.w.org\/{rel}","templated":true}]}}